{"id":63358,"date":"2020-06-25T12:57:45","date_gmt":"2020-06-25T15:57:45","guid":{"rendered":"https:\/\/www.actualidadadiario.com\/?p=63358"},"modified":"2020-06-25T12:57:45","modified_gmt":"2020-06-25T15:57:45","slug":"este-jueves-se-registraron-17-nuevos-casos-de-coronavirus-en-entre-rios","status":"publish","type":"post","link":"https:\/\/www.actualidadadiario.com\/index.php\/2020\/06\/25\/este-jueves-se-registraron-17-nuevos-casos-de-coronavirus-en-entre-rios\/","title":{"rendered":"Este jueves se registraron 17 nuevos casos de coronavirus en Entre R\u00edos"},"content":{"rendered":"<p style=\"text-align: center;\"><em><strong>El \u00e1rea de Vigilancia Epidemiol\u00f3gica del Ministerio de Salud, confirm\u00f3 que este jueves en Entre R\u00edos se registraron 17 nuevos casos de Coronavirus<\/strong><\/em><\/p>\n<p>&nbsp;<\/p>\n<p>&nbsp;<\/p>\n<p>Los 10 primeros corresponden a la ciudad de a Paran\u00e1, 9 son contactos estrechos de pacientes con Covid-19 positivo y uno se encuentra en investigaci\u00f3n su nexo epidemiol\u00f3gico.<\/p>\n<p>Otros cuatro fueron detectados en la localidad de Santa Ana, departamento Federaci\u00f3n, trat\u00e1ndose de personas relacionadas con casos ya confirmados.<\/p>\n<p>Los \u00faltimos tres, corresponden a la localidad de Holt Ibicuy, departamento Islas y tienen vinculaci\u00f3n con pacientes confirmados de Coronavirus.<\/p>\n<p>Todos presentan sintomatolog\u00eda respiratoria leve cumpliendo con el aislamiento correspondiente.<\/p>\n<p>De ese modo, en la provincia son 215 los casos confirmados.<\/p>\n","protected":false},"excerpt":{"rendered":"<p>El \u00e1rea de Vigilancia Epidemiol\u00f3gica del Ministerio de Salud, confirm\u00f3 que este jueves en Entre R\u00edos se registraron 17 nuevos casos de Coronavirus &nbsp; &nbsp; Los 10 primeros corresponden a la ciudad de a Paran\u00e1, 9 son contactos estrechos de pacientes con Covid-19 positivo y uno se encuentra en investigaci\u00f3n su nexo epidemiol\u00f3gico. Otros cuatro fueron detectados en la localidad de Santa Ana, departamento Federaci\u00f3n, trat\u00e1ndose de personas relacionadas con casos ya confirmados. Los \u00faltimos tres, corresponden a la localidad de Holt Ibicuy, departamento Islas y tienen vinculaci\u00f3n con pacientes&#8230;<\/p>\n","protected":false},"author":3,"featured_media":63359,"comment_status":"closed","ping_status":"closed","sticky":false,"template":"","format":"standard","meta":[],"categories":[15],"tags":[],"_links":{"self":[{"href":"https:\/\/www.actualidadadiario.com\/index.php\/wp-json\/wp\/v2\/posts\/63358"}],"collection":[{"href":"https:\/\/www.actualidadadiario.com\/index.php\/wp-json\/wp\/v2\/posts"}],"about":[{"href":"https:\/\/www.actualidadadiario.com\/index.php\/wp-json\/wp\/v2\/types\/post"}],"author":[{"embeddable":true,"href":"https:\/\/www.actualidadadiario.com\/index.php\/wp-json\/wp\/v2\/users\/3"}],"replies":[{"embeddable":true,"href":"https:\/\/www.actualidadadiario.com\/index.php\/wp-json\/wp\/v2\/comments?post=63358"}],"version-history":[{"count":1,"href":"https:\/\/www.actualidadadiario.com\/index.php\/wp-json\/wp\/v2\/posts\/63358\/revisions"}],"predecessor-version":[{"id":63360,"href":"https:\/\/www.actualidadadiario.com\/index.php\/wp-json\/wp\/v2\/posts\/63358\/revisions\/63360"}],"wp:featuredmedia":[{"embeddable":true,"href":"https:\/\/www.actualidadadiario.com\/index.php\/wp-json\/wp\/v2\/media\/63359"}],"wp:attachment":[{"href":"https:\/\/www.actualidadadiario.com\/index.php\/wp-json\/wp\/v2\/media?parent=63358"}],"wp:term":[{"taxonomy":"category","embeddable":true,"href":"https:\/\/www.actualidadadiario.com\/index.php\/wp-json\/wp\/v2\/categories?post=63358"},{"taxonomy":"post_tag","embeddable":true,"href":"https:\/\/www.actualidadadiario.com\/index.php\/wp-json\/wp\/v2\/tags?post=63358"}],"curies":[{"name":"wp","href":"https:\/\/api.w.org\/{rel}","templated":true}]}}