{"id":63355,"date":"2020-06-25T12:56:58","date_gmt":"2020-06-25T15:56:58","guid":{"rendered":"https:\/\/www.actualidadadiario.com\/?p=63355"},"modified":"2020-06-25T12:56:58","modified_gmt":"2020-06-25T15:56:58","slug":"senado-trato-en-comision-la-iniciativa-que-busca-garantizar-el-derecho-laboral-trans","status":"publish","type":"post","link":"https:\/\/www.actualidadadiario.com\/index.php\/2020\/06\/25\/senado-trato-en-comision-la-iniciativa-que-busca-garantizar-el-derecho-laboral-trans\/","title":{"rendered":"Senado trat\u00f3 en Comisi\u00f3n la iniciativa que busca garantizar el derecho laboral trans"},"content":{"rendered":"<p style=\"text-align: center;\"><em><strong>La Comisi\u00f3n de Legislaci\u00f3n General del Senado de Entre R\u00edos, que preside la senadora Claudia Gieco (FJ Creer ER-Diamante), inici\u00f3 el tratamiento del Expediente N\u00ba 23 107 que busca garantizar los derechos laborales de las personas travestis, transexuales y transg\u00e9nero<\/strong><\/em><\/p>\n<p>&nbsp;<\/p>\n<p>&nbsp;<\/p>\n<p>El proyecto de ley presentado por la diputada Emilce Pross (m.c.), que tuvo media sanci\u00f3n por la C\u00e1mara Baja en 2019, se encuentra en an\u00e1lisis de las y los senadores de los dos bloques que conforman el Senado de Entre R\u00edos.<\/p>\n<p>\u201cSe avanz\u00f3 en el trabajo de dicho texto normativo con la coincidencia de la relevancia que tiene efectivizar los derechos de las personas travestis, transexuales y transg\u00e9nero, en el marco de los derechos consagrados en la ley nacional de identidad de g\u00e9nero (26.743) y de las dificultades que las personas de estos colectivos enfrentan a la hora de conseguir trabajo formal\u201d, se inform\u00f3 oficialmente.<\/p>\n<p>Asimismo se analizaron legislaciones comparadas de inclusi\u00f3n laboral a personas travestis, transexuales y transg\u00e9nero que se encuentran en vigencia en el territorio nacional.<\/p>\n<p>El trabajo en la Comisi\u00f3n continuar\u00e1 la semana pr\u00f3xima y se recibir\u00e1n aportes de las \u00e1reas con competencia en la materia.<\/p>\n<p>El proyecto prev\u00e9 la inclusi\u00f3n de las personas en el sector p\u00fablico provincial e incentivos impositivos a las empresas privadas que contraten a personas incluidas en el r\u00e9gimen de la ley.<\/p>\n<p>Por su parte, se reuni\u00f3 la Comisi\u00f3n de Obras P\u00fablicas, presidida por el senador Mauricio Santa Cruz (FJ Creer ER &#8211; Col\u00f3n) y emiti\u00f3 dictamen sobre distintos proyectos de Comunicaci\u00f3n presentados por la senadora Flavia Maidana (FJ Creer ER &#8211; Nogoy\u00e1) y por el senador Adri\u00e1n Fuertes (FJ Creer ER &#8211; Villaguay).<\/p>\n","protected":false},"excerpt":{"rendered":"<p>La Comisi\u00f3n de Legislaci\u00f3n General del Senado de Entre R\u00edos, que preside la senadora Claudia Gieco (FJ Creer ER-Diamante), inici\u00f3 el tratamiento del Expediente N\u00ba 23 107 que busca garantizar los derechos laborales de las personas travestis, transexuales y transg\u00e9nero &nbsp; &nbsp; El proyecto de ley presentado por la diputada Emilce Pross (m.c.), que tuvo media sanci\u00f3n por la C\u00e1mara Baja en 2019, se encuentra en an\u00e1lisis de las y los senadores de los dos bloques que conforman el Senado de Entre R\u00edos. \u201cSe avanz\u00f3 en el trabajo de dicho&#8230;<\/p>\n","protected":false},"author":3,"featured_media":63356,"comment_status":"closed","ping_status":"closed","sticky":false,"template":"","format":"standard","meta":[],"categories":[15],"tags":[],"_links":{"self":[{"href":"https:\/\/www.actualidadadiario.com\/index.php\/wp-json\/wp\/v2\/posts\/63355"}],"collection":[{"href":"https:\/\/www.actualidadadiario.com\/index.php\/wp-json\/wp\/v2\/posts"}],"about":[{"href":"https:\/\/www.actualidadadiario.com\/index.php\/wp-json\/wp\/v2\/types\/post"}],"author":[{"embeddable":true,"href":"https:\/\/www.actualidadadiario.com\/index.php\/wp-json\/wp\/v2\/users\/3"}],"replies":[{"embeddable":true,"href":"https:\/\/www.actualidadadiario.com\/index.php\/wp-json\/wp\/v2\/comments?post=63355"}],"version-history":[{"count":1,"href":"https:\/\/www.actualidadadiario.com\/index.php\/wp-json\/wp\/v2\/posts\/63355\/revisions"}],"predecessor-version":[{"id":63357,"href":"https:\/\/www.actualidadadiario.com\/index.php\/wp-json\/wp\/v2\/posts\/63355\/revisions\/63357"}],"wp:featuredmedia":[{"embeddable":true,"href":"https:\/\/www.actualidadadiario.com\/index.php\/wp-json\/wp\/v2\/media\/63356"}],"wp:attachment":[{"href":"https:\/\/www.actualidadadiario.com\/index.php\/wp-json\/wp\/v2\/media?parent=63355"}],"wp:term":[{"taxonomy":"category","embeddable":true,"href":"https:\/\/www.actualidadadiario.com\/index.php\/wp-json\/wp\/v2\/categories?post=63355"},{"taxonomy":"post_tag","embeddable":true,"href":"https:\/\/www.actualidadadiario.com\/index.php\/wp-json\/wp\/v2\/tags?post=63355"}],"curies":[{"name":"wp","href":"https:\/\/api.w.org\/{rel}","templated":true}]}}