{"id":63346,"date":"2020-06-25T12:54:30","date_gmt":"2020-06-25T15:54:30","guid":{"rendered":"https:\/\/www.actualidadadiario.com\/?p=63346"},"modified":"2020-06-25T12:54:30","modified_gmt":"2020-06-25T15:54:30","slug":"se-tomaran-medidas-restrictivas-pero-entre-rios-no-retrocedera-de-fase","status":"publish","type":"post","link":"https:\/\/www.actualidadadiario.com\/index.php\/2020\/06\/25\/se-tomaran-medidas-restrictivas-pero-entre-rios-no-retrocedera-de-fase\/","title":{"rendered":"Se tomar\u00e1n medidas restrictivas, pero Entre R\u00edos no retroceder\u00e1 de fase"},"content":{"rendered":"<p style=\"text-align: center;\"><em><strong>\u00abNo est\u00e1 en la consideraci\u00f3n del gobernador que Entre R\u00edos vuelva a fase 1\u00bb, confirm\u00f3 la ministra de Gobierno, Rosario Romero. \u00abCuando se note la multiplicaci\u00f3n de contagios en algunas zonas, se tomar\u00e1n medidas sobre esas zonas\u00bb<\/strong><\/em><\/p>\n<p>&nbsp;<\/p>\n<p>\u00abNo est\u00e1 en la consideraci\u00f3n del gobernador, Gustavo Bordet, que Entre R\u00edos vuelva a fase 1\u00bb. As\u00ed lo confirm\u00f3 la ministra de Gobierno, Rosario Romero.<\/p>\n<p>En ese sentido explic\u00f3 que \u00abse tomar\u00e1n medidas cuando se presenten situaciones como la que se dio en Paran\u00e1, en Santa Ana, en Islas, o en su momento, como ocurri\u00f3 en Col\u00f3n\u00bb.<\/p>\n<p>\u00abHasta que haya una vacuna, tenemos que internalizar que debemos guardar distanciamiento y protegernos a nosotros mismos y a los dem\u00e1s\u00bb, sentenci\u00f3 Romero.<\/p>\n<p>&nbsp;<\/p>\n<p><strong>Sobre las medidas tomadas<\/strong><\/p>\n<p>Seg\u00fan aclar\u00f3, \u00abdurante estos d\u00edas habr\u00e1 guardias que aseguren la atenci\u00f3n de la urgencias y no ingresar\u00e1n nuevos tr\u00e1mites que no tengan este car\u00e1cter de urgente\u00bb.<\/p>\n<p>\u00abHabr\u00e1 personal en las oficinas, pero en menor cantidad, porque el prop\u00f3sito es disminuir la circulaci\u00f3n de personas en Paran\u00e1 y provocar la posibilidad de disminuci\u00f3n de circulaci\u00f3n del virus\u00bb, justific\u00f3 la ministra de Gobierno al recalcar: \u00abHasta ahora tenemos circulaci\u00f3n por conglomerado y tenemos que evitar que haya circulaci\u00f3n comunitaria\u00bb.<\/p>\n<p>\u00abHay que respetar el distanciamiento, y como en las oficinas conviven entre dos y tres personas, es necesario que estemos con tapabocas\u00bb, acot\u00f3.<\/p>\n<p>&nbsp;<\/p>\n<p><strong>Sobre la situaci\u00f3n en las c\u00e1rceles<\/strong><\/p>\n<p>\u00abLa restricci\u00f3n de las visitas es una disposici\u00f3n del orden nacional y la provincia no es una excepci\u00f3n; en las nueve c\u00e1rceles entrerrianas no hay visitas\u00bb, recalc\u00f3 la ministra de Gobierno.<\/p>\n<p>En la oportunidad coment\u00f3 que \u00abhubo una petici\u00f3n de internos de la unidad penal N\u00ba1 pero tras una reuni\u00f3n con miembros del Colegio de Abogados explicamos que no hay, y menos en Paran\u00e1, ninguna condici\u00f3n para habilitar las visitas; tenemos que evitar ese contacto\u00bb.<\/p>\n<p>\u00abS\u00ed propiciamos que los internos dispongan de tel\u00e9fonos celulares en los momentos de esparcimiento. Tratamos de mantener labores dentro de las unidades penales y el mayor contacto posible a trav\u00e9s de los familiares por videollamadas en los momentos en los que tienen recreos o esparcimiento. Es una medida necesaria y los internos deben hacer ese sacrificio para preservar la salud\u00bb, argument\u00f3.<\/p>\n","protected":false},"excerpt":{"rendered":"<p>\u00abNo est\u00e1 en la consideraci\u00f3n del gobernador que Entre R\u00edos vuelva a fase 1\u00bb, confirm\u00f3 la ministra de Gobierno, Rosario Romero. \u00abCuando se note la multiplicaci\u00f3n de contagios en algunas zonas, se tomar\u00e1n medidas sobre esas zonas\u00bb &nbsp; \u00abNo est\u00e1 en la consideraci\u00f3n del gobernador, Gustavo Bordet, que Entre R\u00edos vuelva a fase 1\u00bb. As\u00ed lo confirm\u00f3 la ministra de Gobierno, Rosario Romero. En ese sentido explic\u00f3 que \u00abse tomar\u00e1n medidas cuando se presenten situaciones como la que se dio en Paran\u00e1, en Santa Ana, en Islas, o en su&#8230;<\/p>\n","protected":false},"author":3,"featured_media":63347,"comment_status":"closed","ping_status":"closed","sticky":false,"template":"","format":"standard","meta":[],"categories":[9],"tags":[],"_links":{"self":[{"href":"https:\/\/www.actualidadadiario.com\/index.php\/wp-json\/wp\/v2\/posts\/63346"}],"collection":[{"href":"https:\/\/www.actualidadadiario.com\/index.php\/wp-json\/wp\/v2\/posts"}],"about":[{"href":"https:\/\/www.actualidadadiario.com\/index.php\/wp-json\/wp\/v2\/types\/post"}],"author":[{"embeddable":true,"href":"https:\/\/www.actualidadadiario.com\/index.php\/wp-json\/wp\/v2\/users\/3"}],"replies":[{"embeddable":true,"href":"https:\/\/www.actualidadadiario.com\/index.php\/wp-json\/wp\/v2\/comments?post=63346"}],"version-history":[{"count":1,"href":"https:\/\/www.actualidadadiario.com\/index.php\/wp-json\/wp\/v2\/posts\/63346\/revisions"}],"predecessor-version":[{"id":63348,"href":"https:\/\/www.actualidadadiario.com\/index.php\/wp-json\/wp\/v2\/posts\/63346\/revisions\/63348"}],"wp:featuredmedia":[{"embeddable":true,"href":"https:\/\/www.actualidadadiario.com\/index.php\/wp-json\/wp\/v2\/media\/63347"}],"wp:attachment":[{"href":"https:\/\/www.actualidadadiario.com\/index.php\/wp-json\/wp\/v2\/media?parent=63346"}],"wp:term":[{"taxonomy":"category","embeddable":true,"href":"https:\/\/www.actualidadadiario.com\/index.php\/wp-json\/wp\/v2\/categories?post=63346"},{"taxonomy":"post_tag","embeddable":true,"href":"https:\/\/www.actualidadadiario.com\/index.php\/wp-json\/wp\/v2\/tags?post=63346"}],"curies":[{"name":"wp","href":"https:\/\/api.w.org\/{rel}","templated":true}]}}