{"id":63337,"date":"2020-06-24T12:59:14","date_gmt":"2020-06-24T15:59:14","guid":{"rendered":"https:\/\/www.actualidadadiario.com\/?p=63337"},"modified":"2020-06-24T12:59:14","modified_gmt":"2020-06-24T15:59:14","slug":"paraguay-se-prepara-para-extender-la-cuarentena-por-dos-semanas","status":"publish","type":"post","link":"https:\/\/www.actualidadadiario.com\/index.php\/2020\/06\/24\/paraguay-se-prepara-para-extender-la-cuarentena-por-dos-semanas\/","title":{"rendered":"Paraguay se prepara para extender la cuarentena por dos semanas"},"content":{"rendered":"<p style=\"text-align: center;\"><em><strong>En lo que va de este mes, 436 casos fueron confirmados, 157 del exterior, 246 por contacto y 33 sin nexo<\/strong><\/em><\/p>\n<p>&nbsp;<\/p>\n<p>El presidente Mario Abdo Ben\u00edtez se prepara para extender la fase tres de la llamada cuarentena inteligente hasta por lo menos el 19 de julio, luego de que su gobierno reportara hoy 30 casos nuevos de coronavirus en las \u00faltimas 24 horas, lo que elev\u00f3 el total a 1.422.<\/p>\n<p>\u201cProcesamos 1.550 muestras, 30 dieron positivo: 26 contactos, 3 del exterior y 1 sin nexo en Paraguar\u00ed\u201d public\u00f3 hoy en Twitter el ministro de Salud, Julio Mazzoleni, quien agreg\u00f3 que todas las personas se encuentran en aislamiento, nueve est\u00e1n internadas, una en terapia intensiva y 23 recuperados.<\/p>\n<p>Frente a este panorama, Mazzoleni anunci\u00f3 hoy que le recomend\u00f3 al presidente que la fase tres de la cuarentena inteligente se extienda por dos semanas m\u00e1s, al menos hasta el 19 de julio, lo que seg\u00fan la prensa local fue aprobado por Abdo Ben\u00edtez y ser\u00eda oficializado con un decreto en las pr\u00f3ximas horas.<\/p>\n<p>Mazzoleni explic\u00f3 que la importancia de extender la fase tres responde a que los hospitales est\u00e1n recuperando su ritmo de atenci\u00f3n y temen que un eventual aumento de casos logre saturar la capacidad hospitalaria.<\/p>\n<p>Mazzoleni se\u00f1al\u00f3 que los contagios m\u00faltiples en el interior del pa\u00eds se debieron a eventos sociales -como velorios, reuniones y actividades deportivas en grupo- que no est\u00e1n permitidos y record\u00f3 que esas actividades est\u00e1n contempladas solo en la cuarta etapa de cuarentena, inform\u00f3 el medio local \u00daltima Hora.<\/p>\n<p>En lo que va de este mes, 436 casos fueron confirmados, 157 del exterior, 246 por contacto y 33 sin nexo, indic\u00f3 el diario ABC.<\/p>\n<p>Seg\u00fan el informe del Ministerio de Salud, la mayor cantidad de casos activos se encuentran en los departamentos de Paraguar\u00ed, Central y Alto Paran\u00e1, aunque Caaguaz\u00fa tambi\u00e9n est\u00e1 en la mira por un nuevo brote en la zona.<\/p>\n","protected":false},"excerpt":{"rendered":"<p>En lo que va de este mes, 436 casos fueron confirmados, 157 del exterior, 246 por contacto y 33 sin nexo &nbsp; El presidente Mario Abdo Ben\u00edtez se prepara para extender la fase tres de la llamada cuarentena inteligente hasta por lo menos el 19 de julio, luego de que su gobierno reportara hoy 30 casos nuevos de coronavirus en las \u00faltimas 24 horas, lo que elev\u00f3 el total a 1.422. \u201cProcesamos 1.550 muestras, 30 dieron positivo: 26 contactos, 3 del exterior y 1 sin nexo en Paraguar\u00ed\u201d public\u00f3 hoy&#8230;<\/p>\n","protected":false},"author":3,"featured_media":63338,"comment_status":"closed","ping_status":"closed","sticky":false,"template":"","format":"standard","meta":[],"categories":[4],"tags":[],"_links":{"self":[{"href":"https:\/\/www.actualidadadiario.com\/index.php\/wp-json\/wp\/v2\/posts\/63337"}],"collection":[{"href":"https:\/\/www.actualidadadiario.com\/index.php\/wp-json\/wp\/v2\/posts"}],"about":[{"href":"https:\/\/www.actualidadadiario.com\/index.php\/wp-json\/wp\/v2\/types\/post"}],"author":[{"embeddable":true,"href":"https:\/\/www.actualidadadiario.com\/index.php\/wp-json\/wp\/v2\/users\/3"}],"replies":[{"embeddable":true,"href":"https:\/\/www.actualidadadiario.com\/index.php\/wp-json\/wp\/v2\/comments?post=63337"}],"version-history":[{"count":1,"href":"https:\/\/www.actualidadadiario.com\/index.php\/wp-json\/wp\/v2\/posts\/63337\/revisions"}],"predecessor-version":[{"id":63339,"href":"https:\/\/www.actualidadadiario.com\/index.php\/wp-json\/wp\/v2\/posts\/63337\/revisions\/63339"}],"wp:featuredmedia":[{"embeddable":true,"href":"https:\/\/www.actualidadadiario.com\/index.php\/wp-json\/wp\/v2\/media\/63338"}],"wp:attachment":[{"href":"https:\/\/www.actualidadadiario.com\/index.php\/wp-json\/wp\/v2\/media?parent=63337"}],"wp:term":[{"taxonomy":"category","embeddable":true,"href":"https:\/\/www.actualidadadiario.com\/index.php\/wp-json\/wp\/v2\/categories?post=63337"},{"taxonomy":"post_tag","embeddable":true,"href":"https:\/\/www.actualidadadiario.com\/index.php\/wp-json\/wp\/v2\/tags?post=63337"}],"curies":[{"name":"wp","href":"https:\/\/api.w.org\/{rel}","templated":true}]}}