{"id":63328,"date":"2020-06-24T12:56:25","date_gmt":"2020-06-24T15:56:25","guid":{"rendered":"https:\/\/www.actualidadadiario.com\/?p=63328"},"modified":"2020-06-24T12:56:25","modified_gmt":"2020-06-24T15:56:25","slug":"el-epidemiologo-de-la-casa-blanca-contradice-a-donald-trump","status":"publish","type":"post","link":"https:\/\/www.actualidadadiario.com\/index.php\/2020\/06\/24\/el-epidemiologo-de-la-casa-blanca-contradice-a-donald-trump\/","title":{"rendered":"El epidemi\u00f3logo de la Casa Blanca contradice a Donald Trump"},"content":{"rendered":"<p style=\"text-align: center;\"><em><strong>&#8220;Al contrario, vamos a hacer m\u00e1s test, no menos&#8221;, aleg\u00f3 Anthony Fauci cuando fue consultado. El Presidente pidi\u00f3 lo contrario. No sintonizan en el gobierno<\/strong><\/em><\/p>\n<p>&nbsp;<\/p>\n<p>&nbsp;<\/p>\n<p>El epidemi\u00f3logo de la Casa Blanca, Anthony Fauci, junto a los otros tres expertos m\u00e9dicos de la Administraci\u00f3n de Donald Trump, respondieron ante el Congreso a las declaraciones del mandatario estadounidense aclarando que no reducir\u00e1n el n\u00famero de pruebas para detectar el Covid-19.<\/p>\n<p>Mientras tanto, la naci\u00f3n registra un repunte de contagios en m\u00e1s de la mitad del pa\u00eds.<\/p>\n<p>Fauci coment\u00f3: \u201cAl contrario, vamos a hacer m\u00e1s test, no menos\u201d.<\/p>\n<p>Y as\u00ed dej\u00f3 todo claro cuando testific\u00f3 ante el Comit\u00e9 de Energ\u00eda y Comercio de la C\u00e1mara de Representantes.<\/p>\n<p>Director del Instituto Nacional de Alergia y Enfermedades Infecciosas, Fauci habl\u00f3 junto al comisionado de la FDA, Stephen Hahn; el director de los Centros para el Control y la Prevenci\u00f3n de Enfermedades (CDR), Robert Redfield, y el secretario adjunto del Departamento de Salud y Servicios Humanos, Brett Giroir.<\/p>\n<p>Todos dijeron que el presidente no les hab\u00eda pedido que disminuyeran las pruebas, reporta este mi\u00e9rcoles France24.com<\/p>\n<p>Los cuatro expertos de salud p\u00fablica m\u00e1s importantes del pa\u00eds contradijeron as\u00ed al mandatario, quien el pasado s\u00e1bado 20 de junio anunci\u00f3 -durante un mitin en Tulsa, Oklahoma- que hab\u00eda solicitado que se redujeran los test.<\/p>\n","protected":false},"excerpt":{"rendered":"<p>&#8220;Al contrario, vamos a hacer m\u00e1s test, no menos&#8221;, aleg\u00f3 Anthony Fauci cuando fue consultado. El Presidente pidi\u00f3 lo contrario. No sintonizan en el gobierno &nbsp; &nbsp; El epidemi\u00f3logo de la Casa Blanca, Anthony Fauci, junto a los otros tres expertos m\u00e9dicos de la Administraci\u00f3n de Donald Trump, respondieron ante el Congreso a las declaraciones del mandatario estadounidense aclarando que no reducir\u00e1n el n\u00famero de pruebas para detectar el Covid-19. Mientras tanto, la naci\u00f3n registra un repunte de contagios en m\u00e1s de la mitad del pa\u00eds. Fauci coment\u00f3: \u201cAl contrario,&#8230;<\/p>\n","protected":false},"author":3,"featured_media":63329,"comment_status":"closed","ping_status":"closed","sticky":false,"template":"","format":"standard","meta":[],"categories":[4],"tags":[],"_links":{"self":[{"href":"https:\/\/www.actualidadadiario.com\/index.php\/wp-json\/wp\/v2\/posts\/63328"}],"collection":[{"href":"https:\/\/www.actualidadadiario.com\/index.php\/wp-json\/wp\/v2\/posts"}],"about":[{"href":"https:\/\/www.actualidadadiario.com\/index.php\/wp-json\/wp\/v2\/types\/post"}],"author":[{"embeddable":true,"href":"https:\/\/www.actualidadadiario.com\/index.php\/wp-json\/wp\/v2\/users\/3"}],"replies":[{"embeddable":true,"href":"https:\/\/www.actualidadadiario.com\/index.php\/wp-json\/wp\/v2\/comments?post=63328"}],"version-history":[{"count":1,"href":"https:\/\/www.actualidadadiario.com\/index.php\/wp-json\/wp\/v2\/posts\/63328\/revisions"}],"predecessor-version":[{"id":63330,"href":"https:\/\/www.actualidadadiario.com\/index.php\/wp-json\/wp\/v2\/posts\/63328\/revisions\/63330"}],"wp:featuredmedia":[{"embeddable":true,"href":"https:\/\/www.actualidadadiario.com\/index.php\/wp-json\/wp\/v2\/media\/63329"}],"wp:attachment":[{"href":"https:\/\/www.actualidadadiario.com\/index.php\/wp-json\/wp\/v2\/media?parent=63328"}],"wp:term":[{"taxonomy":"category","embeddable":true,"href":"https:\/\/www.actualidadadiario.com\/index.php\/wp-json\/wp\/v2\/categories?post=63328"},{"taxonomy":"post_tag","embeddable":true,"href":"https:\/\/www.actualidadadiario.com\/index.php\/wp-json\/wp\/v2\/tags?post=63328"}],"curies":[{"name":"wp","href":"https:\/\/api.w.org\/{rel}","templated":true}]}}