{"id":63325,"date":"2020-06-24T12:55:18","date_gmt":"2020-06-24T15:55:18","guid":{"rendered":"https:\/\/www.actualidadadiario.com\/?p=63325"},"modified":"2020-06-24T12:55:18","modified_gmt":"2020-06-24T15:55:18","slug":"cafiero-convoca-al-gabinete-economico-para-analizar-medidas-post-pandemia","status":"publish","type":"post","link":"https:\/\/www.actualidadadiario.com\/index.php\/2020\/06\/24\/cafiero-convoca-al-gabinete-economico-para-analizar-medidas-post-pandemia\/","title":{"rendered":"Cafiero convoca al Gabinete Econ\u00f3mico para analizar medidas post pandemia"},"content":{"rendered":"<p style=\"text-align: center;\"><em><strong>El encuentro est\u00e1 previsto para las 10, en el Sal\u00f3n de los Cient\u00edficos, en la Casa de Gobierno<\/strong><\/em><\/p>\n<p>&nbsp;<\/p>\n<p>&nbsp;<\/p>\n<p>El jefe de Gabinete, Santiago Cafiero, encabezar\u00e1 hoy en la Casa Rosada una nueva reuni\u00f3n del Gabinete Econ\u00f3mico, con la mira puesta en el an\u00e1lisis de medidas post pandemia de coronavirus, informaron a T\u00e9lam fuentes oficiales.<\/p>\n<p>El encuentro est\u00e1 previsto para las 10, en el Sal\u00f3n de los Cient\u00edficos, en la Casa de Gobierno.<\/p>\n<p>Tambi\u00e9n participar\u00e1n la vicejefa de Gabinete, Cecilia Todesca; y los ministros de Econom\u00eda, Mart\u00edn Guzm\u00e1n; de Trabajo, Claudio Moroni, y de Desarrollo Productivo, Mat\u00edas Kulfas; la titular de la AFIP, Mercedes Marc\u00f3 del Pont; el presidente del Banco Central, Miguel \u00c1ngel Pesce; y la titular de la Anses, Fernanda Raverta.<\/p>\n<p>Entre los temas a definir est\u00e1n la reorientaci\u00f3n del Programa de Asistencia a la Producci\u00f3n (ATP), que hasta ahora asisti\u00f3 a las empresas con el pago de la mitad del sueldo de los trabajadores y, tambi\u00e9n, el futuro del Ingreso Familiar de Emergencia para los sectores no registrados.<\/p>\n","protected":false},"excerpt":{"rendered":"<p>El encuentro est\u00e1 previsto para las 10, en el Sal\u00f3n de los Cient\u00edficos, en la Casa de Gobierno &nbsp; &nbsp; El jefe de Gabinete, Santiago Cafiero, encabezar\u00e1 hoy en la Casa Rosada una nueva reuni\u00f3n del Gabinete Econ\u00f3mico, con la mira puesta en el an\u00e1lisis de medidas post pandemia de coronavirus, informaron a T\u00e9lam fuentes oficiales. El encuentro est\u00e1 previsto para las 10, en el Sal\u00f3n de los Cient\u00edficos, en la Casa de Gobierno. Tambi\u00e9n participar\u00e1n la vicejefa de Gabinete, Cecilia Todesca; y los ministros de Econom\u00eda, Mart\u00edn Guzm\u00e1n; de&#8230;<\/p>\n","protected":false},"author":3,"featured_media":63326,"comment_status":"closed","ping_status":"closed","sticky":false,"template":"","format":"standard","meta":[],"categories":[18],"tags":[],"_links":{"self":[{"href":"https:\/\/www.actualidadadiario.com\/index.php\/wp-json\/wp\/v2\/posts\/63325"}],"collection":[{"href":"https:\/\/www.actualidadadiario.com\/index.php\/wp-json\/wp\/v2\/posts"}],"about":[{"href":"https:\/\/www.actualidadadiario.com\/index.php\/wp-json\/wp\/v2\/types\/post"}],"author":[{"embeddable":true,"href":"https:\/\/www.actualidadadiario.com\/index.php\/wp-json\/wp\/v2\/users\/3"}],"replies":[{"embeddable":true,"href":"https:\/\/www.actualidadadiario.com\/index.php\/wp-json\/wp\/v2\/comments?post=63325"}],"version-history":[{"count":1,"href":"https:\/\/www.actualidadadiario.com\/index.php\/wp-json\/wp\/v2\/posts\/63325\/revisions"}],"predecessor-version":[{"id":63327,"href":"https:\/\/www.actualidadadiario.com\/index.php\/wp-json\/wp\/v2\/posts\/63325\/revisions\/63327"}],"wp:featuredmedia":[{"embeddable":true,"href":"https:\/\/www.actualidadadiario.com\/index.php\/wp-json\/wp\/v2\/media\/63326"}],"wp:attachment":[{"href":"https:\/\/www.actualidadadiario.com\/index.php\/wp-json\/wp\/v2\/media?parent=63325"}],"wp:term":[{"taxonomy":"category","embeddable":true,"href":"https:\/\/www.actualidadadiario.com\/index.php\/wp-json\/wp\/v2\/categories?post=63325"},{"taxonomy":"post_tag","embeddable":true,"href":"https:\/\/www.actualidadadiario.com\/index.php\/wp-json\/wp\/v2\/tags?post=63325"}],"curies":[{"name":"wp","href":"https:\/\/api.w.org\/{rel}","templated":true}]}}