{"id":63319,"date":"2020-06-24T12:53:46","date_gmt":"2020-06-24T15:53:46","guid":{"rendered":"https:\/\/www.actualidadadiario.com\/?p=63319"},"modified":"2020-06-24T12:53:46","modified_gmt":"2020-06-24T15:53:46","slug":"maximo-kirchner-presento-un-proyecto-para-crear-una-campana-nacional-de-donacion-de-plasma","status":"publish","type":"post","link":"https:\/\/www.actualidadadiario.com\/index.php\/2020\/06\/24\/maximo-kirchner-presento-un-proyecto-para-crear-una-campana-nacional-de-donacion-de-plasma\/","title":{"rendered":"M\u00e1ximo Kirchner present\u00f3 un proyecto para crear una campa\u00f1a nacional de donaci\u00f3n de plasma"},"content":{"rendered":"<p style=\"text-align: center;\"><em><strong>El presidente del bloque del FdT de la C\u00e1mara de Diputados present\u00f3 la iniciativa que promueve la creaci\u00f3n de una campa\u00f1a nacional para la promoci\u00f3n de la donaci\u00f3n, proveniente de pacientes recuperados de Covid-19<\/strong><\/em><\/p>\n<p>&nbsp;<\/p>\n<p>&nbsp;<\/p>\n<p>El presidente del bloque de diputados nacionales del Frente de Todos, M\u00e1ximo Kirchner, present\u00f3 un proyecto de ley para crear la Campa\u00f1a Nacional para la Donaci\u00f3n de Plasma Sangu\u00edneo de pacientes recuperados de coronavirus de todo el pa\u00eds.<\/p>\n<p>La iniciativa estuvo acompa\u00f1ada por el presidente de la C\u00e1mara baja, Sergio Massa, el jefe del bloque del PRO, Cristian Ritondo; el titular de la comisi\u00f3n de Salud, Pablo Yedlin (FdT); la diputada de Consenso Federal Graciela Cama\u00f1o y el presidente del interbloque Federal, Eduardo &#8220;Bali&#8221; Bucca.<\/p>\n<p>Adem\u00e1s firmaron el proyecto, la vicepresidenta de la comisi\u00f3n de Salud, Carmen Polledo (PRO); las diputadas oficialistas Cristina \u00c1lvarez Rodr\u00edguez y Cecilia Moreau, del Movimiento Popular Neuquino Alma Sapag, y los legisladores del Frente de la Concordia Misionero Ricardo Wellbach, de C\u00f3rdoba Federal Carlos Guti\u00e9rrez y de Juntos por R\u00edo Negro Luis Di Gi\u00e1como.<\/p>\n<p>El proyecto promueve la creaci\u00f3n de una campa\u00f1a nacional para la promoci\u00f3n de la donaci\u00f3n voluntaria de plasma sangu\u00edneo, proveniente de pacientes recuperados de la Covid-19 de todo el pa\u00eds.<\/p>\n<p>Establece adem\u00e1s una licencia especial para los y las donantes bajo relaci\u00f3n de dependencia de dos d\u00edas por cada donaci\u00f3n de plasma que realicen.<\/p>\n<p>En el mismo sentido, se los reconoce como &#8220;Ciudadanos\/as solidarios\/as destacados\/as de la Rep\u00fablica Argentina&#8221;.<\/p>\n<p>El proyecto tambi\u00e9n procura garantizar el traslado de aquellos pacientes recuperados de Covid-19, aptos para ser donantes de plasma y que no tengan los medios para realizarlo.<\/p>\n<p>En sus fundamentos la iniciativa sostiene que &#8220;se hace imprescindible que sea la sociedad en su conjunto que ponga en valor la donaci\u00f3n de quienes luego de haber pasado por una situaci\u00f3n angustiante, cooperan para mejorar la calidad de vida de los dem\u00e1s.&#8221;<\/p>\n<p>&#8220;El camino que emprendimos los argentinos y las argentinas en el combate contra este virus priorizando la vida es compartido por la inmensa mayor\u00eda de la sociedad. La salud es una prioridad y no debemos ahorrar en esfuerzos para conseguir que los argentinos y las argentinas tengan una mejor calidad de vida&#8221;, argumenta el proyecto elaborado por Kirchner.<\/p>\n","protected":false},"excerpt":{"rendered":"<p>El presidente del bloque del FdT de la C\u00e1mara de Diputados present\u00f3 la iniciativa que promueve la creaci\u00f3n de una campa\u00f1a nacional para la promoci\u00f3n de la donaci\u00f3n, proveniente de pacientes recuperados de Covid-19 &nbsp; &nbsp; El presidente del bloque de diputados nacionales del Frente de Todos, M\u00e1ximo Kirchner, present\u00f3 un proyecto de ley para crear la Campa\u00f1a Nacional para la Donaci\u00f3n de Plasma Sangu\u00edneo de pacientes recuperados de coronavirus de todo el pa\u00eds. La iniciativa estuvo acompa\u00f1ada por el presidente de la C\u00e1mara baja, Sergio Massa, el jefe del&#8230;<\/p>\n","protected":false},"author":3,"featured_media":63320,"comment_status":"closed","ping_status":"closed","sticky":false,"template":"","format":"standard","meta":[],"categories":[18],"tags":[],"_links":{"self":[{"href":"https:\/\/www.actualidadadiario.com\/index.php\/wp-json\/wp\/v2\/posts\/63319"}],"collection":[{"href":"https:\/\/www.actualidadadiario.com\/index.php\/wp-json\/wp\/v2\/posts"}],"about":[{"href":"https:\/\/www.actualidadadiario.com\/index.php\/wp-json\/wp\/v2\/types\/post"}],"author":[{"embeddable":true,"href":"https:\/\/www.actualidadadiario.com\/index.php\/wp-json\/wp\/v2\/users\/3"}],"replies":[{"embeddable":true,"href":"https:\/\/www.actualidadadiario.com\/index.php\/wp-json\/wp\/v2\/comments?post=63319"}],"version-history":[{"count":1,"href":"https:\/\/www.actualidadadiario.com\/index.php\/wp-json\/wp\/v2\/posts\/63319\/revisions"}],"predecessor-version":[{"id":63321,"href":"https:\/\/www.actualidadadiario.com\/index.php\/wp-json\/wp\/v2\/posts\/63319\/revisions\/63321"}],"wp:featuredmedia":[{"embeddable":true,"href":"https:\/\/www.actualidadadiario.com\/index.php\/wp-json\/wp\/v2\/media\/63320"}],"wp:attachment":[{"href":"https:\/\/www.actualidadadiario.com\/index.php\/wp-json\/wp\/v2\/media?parent=63319"}],"wp:term":[{"taxonomy":"category","embeddable":true,"href":"https:\/\/www.actualidadadiario.com\/index.php\/wp-json\/wp\/v2\/categories?post=63319"},{"taxonomy":"post_tag","embeddable":true,"href":"https:\/\/www.actualidadadiario.com\/index.php\/wp-json\/wp\/v2\/tags?post=63319"}],"curies":[{"name":"wp","href":"https:\/\/api.w.org\/{rel}","templated":true}]}}