{"id":63314,"date":"2020-06-24T12:52:12","date_gmt":"2020-06-24T15:52:12","guid":{"rendered":"https:\/\/www.actualidadadiario.com\/?p=63314"},"modified":"2020-06-24T12:52:12","modified_gmt":"2020-06-24T15:52:12","slug":"alberto-envio-al-senado-el-pliego-de-caamano-para-que-siga-a-cargo-de-la-afi","status":"publish","type":"post","link":"https:\/\/www.actualidadadiario.com\/index.php\/2020\/06\/24\/alberto-envio-al-senado-el-pliego-de-caamano-para-que-siga-a-cargo-de-la-afi\/","title":{"rendered":"Alberto envi\u00f3 al Senado el pliego de Caama\u00f1o para que siga a cargo de la AFI"},"content":{"rendered":"<p style=\"text-align: center;\"><em><strong>Propuso a la actual interventora de la ex Side y el oficialismo tiene mayor\u00eda para nombrarla. Aprovechar\u00e1 a repudiar el espionaje ilegal en la era Macri. El sucesor de Stiuso declar\u00f3 en la bicameral, pero aport\u00f3 poco<\/strong><\/em><\/p>\n<p>&nbsp;<\/p>\n<p>&nbsp;<\/p>\n<p>Alberto Fern\u00e1ndez envi\u00f3 este martes al Senado el pliego de Cristina Caama\u00f1o como directora de la Agencia Federal de Inteligencia (AFI), donde oficia de interventora desde diciembre e impuls\u00f3 denuncias por supuesto espionaje ilegal contra su antecesor Gustavo Arribas.<\/p>\n<p>Por una de ellas declar\u00f3 este martes declar\u00f3 ante la bicameral de fiscalizaci\u00f3n de organismos de inteligencia Diego Dalmau Pereyra, el sucesor de Jaime Stiuso en la direcci\u00f3n de contrainteligencia, donde renunci\u00f3 en 2018, supuestamente, por negarse a realizar persecusiones a pol\u00edticos.<\/p>\n<p>El presidente asumi\u00f3 el 10 de diciembre sin nombrar a a nadie en la AFI y reci\u00e9n unos d\u00edas m\u00e1s tarde oficializ\u00f3 la intervenci\u00f3n por seis meses a cargo de Caama\u00f1o, hasta entonces a cargo de la Fiscal\u00eda de Instrucci\u00f3n en lo Criminal 4. Hace pocos d\u00edas se la renovaron por 6 meses, pero la mayor\u00eda simple del Senado espera poder confirmar antes en el cargo.<\/p>\n<p>Su pliego deber\u00e1 debatirse en la Comisi\u00f3n de Acuerdos, a cargo de la kirchnerista Anabel Fern\u00e1ndez Sagasti, quien a\u00fan debe dise\u00f1ar un m\u00e9todo para realizar audiencias p\u00fablicas en forma remota. El 4 de julio vence el protocolo y si bien s\u00f3lo est\u00e1n habilitados temas referentes al coronavirus, el oficialismo considera que tambi\u00e9n est\u00e1n permitidos los proyectos enviados por el Ejecutivo, como los pliegos.<\/p>\n<p>Caama\u00f1o conoci\u00f3 de cerca la inteligencia en 2015, cuando tuvo a cargo la direcci\u00f3n de Intervenci\u00f3n de Comunicaci\u00f3n, la Dicom, que era la oficina de escuchas judiciales que Cristina Kirchner le transfiri\u00f3 por ley de la ex Side a la Procuraci\u00f3n. Mauricio Macri se la dio a la Corte con dos decretos que el Senado anul\u00f3 el mes pasado y si Diputados repite el tr\u00e1mite no correr\u00e1n m\u00e1s.<\/p>\n<p>La ex fiscal tom\u00f3 protagonismo hace un mes cuando entreg\u00f3 una lista de correos electr\u00f3nicos que hab\u00edan sido pinchados por sus antecesores, que descubrieron sus empleados al resetear una computadora. Hallaron, adem\u00e1s, fichas de periodistas que iban a cubrir el G20, con detalles de historial en redes sociales.<\/p>\n<p>La investigaci\u00f3n est\u00e1 a cargo del juez Marcelo Mart\u00ednez de Giorgi y acaparar\u00e1 parte de las audiencias, junto a la que lleva adelante el juez de Lomas de Zamora Federico Villena sobre espionaje ilegal a pol\u00edticos y periodistas, por la que ex agentes brindan testimonios ante la bicameral.<\/p>\n<p>Este martes fue el turno de Dalmau Pereyra, quien tras recibir un allanamiento en su domicilio, se mostr\u00f3 como un h\u00e1bil declarante y se limit\u00f3 a culpar a Arribas y al ex jefe de Operaciones Alan Ruiz por cualquier seguimiento ilegal que haya existido, de los que se deslig\u00f3. Tampoco pudieron vincularlo al supuesto acuerdo fallido con el narco detenido Ibar P\u00e9rez Corradi.<\/p>\n<p>Confirm\u00f3 que el ex jefe de AFI ten\u00eda intenci\u00f3n de seguir m\u00e1s de cerca a pol\u00edticos y periodistas como hab\u00eda dicho el ex agente Jorge S\u00e1enz. Pero no dio muchos detalles. &#8220;Es un profesional, no se le pudo sacar nada&#8221;, dec\u00edan los legisladores al salir sobre quien fue ex oficial del ej\u00e9rcito y profesor de la escuela de inteligencia.<\/p>\n","protected":false},"excerpt":{"rendered":"<p>Propuso a la actual interventora de la ex Side y el oficialismo tiene mayor\u00eda para nombrarla. Aprovechar\u00e1 a repudiar el espionaje ilegal en la era Macri. El sucesor de Stiuso declar\u00f3 en la bicameral, pero aport\u00f3 poco &nbsp; &nbsp; Alberto Fern\u00e1ndez envi\u00f3 este martes al Senado el pliego de Cristina Caama\u00f1o como directora de la Agencia Federal de Inteligencia (AFI), donde oficia de interventora desde diciembre e impuls\u00f3 denuncias por supuesto espionaje ilegal contra su antecesor Gustavo Arribas. Por una de ellas declar\u00f3 este martes declar\u00f3 ante la bicameral de&#8230;<\/p>\n","protected":false},"author":3,"featured_media":62998,"comment_status":"closed","ping_status":"closed","sticky":false,"template":"","format":"standard","meta":[],"categories":[18],"tags":[],"_links":{"self":[{"href":"https:\/\/www.actualidadadiario.com\/index.php\/wp-json\/wp\/v2\/posts\/63314"}],"collection":[{"href":"https:\/\/www.actualidadadiario.com\/index.php\/wp-json\/wp\/v2\/posts"}],"about":[{"href":"https:\/\/www.actualidadadiario.com\/index.php\/wp-json\/wp\/v2\/types\/post"}],"author":[{"embeddable":true,"href":"https:\/\/www.actualidadadiario.com\/index.php\/wp-json\/wp\/v2\/users\/3"}],"replies":[{"embeddable":true,"href":"https:\/\/www.actualidadadiario.com\/index.php\/wp-json\/wp\/v2\/comments?post=63314"}],"version-history":[{"count":1,"href":"https:\/\/www.actualidadadiario.com\/index.php\/wp-json\/wp\/v2\/posts\/63314\/revisions"}],"predecessor-version":[{"id":63315,"href":"https:\/\/www.actualidadadiario.com\/index.php\/wp-json\/wp\/v2\/posts\/63314\/revisions\/63315"}],"wp:featuredmedia":[{"embeddable":true,"href":"https:\/\/www.actualidadadiario.com\/index.php\/wp-json\/wp\/v2\/media\/62998"}],"wp:attachment":[{"href":"https:\/\/www.actualidadadiario.com\/index.php\/wp-json\/wp\/v2\/media?parent=63314"}],"wp:term":[{"taxonomy":"category","embeddable":true,"href":"https:\/\/www.actualidadadiario.com\/index.php\/wp-json\/wp\/v2\/categories?post=63314"},{"taxonomy":"post_tag","embeddable":true,"href":"https:\/\/www.actualidadadiario.com\/index.php\/wp-json\/wp\/v2\/tags?post=63314"}],"curies":[{"name":"wp","href":"https:\/\/api.w.org\/{rel}","templated":true}]}}