{"id":63309,"date":"2020-06-24T12:50:42","date_gmt":"2020-06-24T15:50:42","guid":{"rendered":"https:\/\/www.actualidadadiario.com\/?p=63309"},"modified":"2020-06-24T12:50:42","modified_gmt":"2020-06-24T15:50:42","slug":"cristina-kirchner-pide-comision-investigadora-sobre-vicentin","status":"publish","type":"post","link":"https:\/\/www.actualidadadiario.com\/index.php\/2020\/06\/24\/cristina-kirchner-pide-comision-investigadora-sobre-vicentin\/","title":{"rendered":"Cristina Kirchner pide comisi\u00f3n investigadora sobre Vicentin"},"content":{"rendered":"<p style=\"text-align: center;\"><em><strong>El fin es averiguar sobre los pr\u00e9stamos del Banco Naci\u00f3n a la cerealera. La presidenta del Senado convoc\u00f3 a sesi\u00f3n remota a las 15 hs.<\/strong><\/em><\/p>\n<p>&nbsp;<\/p>\n<p>&nbsp;<\/p>\n<p>El Senado realizar\u00e1 hoy una sesi\u00f3n especial en la que el oficialismo buscar\u00e1 aprobar un proyecto para una comisi\u00f3n bicameral investigadora que ponga la lupa sobre los pr\u00e9stamos del Banco Naci\u00f3n a la cerealera Vicentin.<\/p>\n<p>La presidenta del Senado, Cristina Kirchner, convoc\u00f3 a la sesi\u00f3n remota para las 15:00 con el fin de tratar la iniciativa que fue presentada en abril pasado por el neuquino Oscar Parrilli, uno de los brazos ejecutores de la vicepresidenta de la Naci\u00f3n dentro de la bancada oficialista.<\/p>\n<p>De esta manera, mientras que el presidente Alberto Fern\u00e1ndez pone pausa al proyecto de expropiaci\u00f3n anunciado, a la espera del avance del plan alternativo del gobernador de Santa Fe, Omar Perotti, la vicepresidenta reabre el debate sobre la empresa con la iniciativa de Parrilli.<\/p>\n<p>En tanto, el interbloque de Juntos por el Cambio, que rechaza la iniciativa, se prepara para participar de la discusi\u00f3n seg\u00fan indicaron fuentes de ese sector a NA, con lo que cambiar\u00eda su estrategia de retirarse de los debates sobre temas que no est\u00e9n relacionados con la pandemia de Covid-19.<\/p>\n<p>La comisi\u00f3n investigadora que plantea el proyecto de Parrilli pone el ojo en las &#8220;presuntas irregularidades que pudieran existir en la relaci\u00f3n crediticia entre el Banco de la Naci\u00f3n Argentina y la empresa Vicentin SAIC, posible defraudaci\u00f3n y estafa comercial a acreedores, clientes de la firma y\/o empresas de Cereales y Soja con las que compet\u00eda&#8221;.<\/p>\n","protected":false},"excerpt":{"rendered":"<p>El fin es averiguar sobre los pr\u00e9stamos del Banco Naci\u00f3n a la cerealera. La presidenta del Senado convoc\u00f3 a sesi\u00f3n remota a las 15 hs. &nbsp; &nbsp; El Senado realizar\u00e1 hoy una sesi\u00f3n especial en la que el oficialismo buscar\u00e1 aprobar un proyecto para una comisi\u00f3n bicameral investigadora que ponga la lupa sobre los pr\u00e9stamos del Banco Naci\u00f3n a la cerealera Vicentin. La presidenta del Senado, Cristina Kirchner, convoc\u00f3 a la sesi\u00f3n remota para las 15:00 con el fin de tratar la iniciativa que fue presentada en abril pasado por&#8230;<\/p>\n","protected":false},"author":3,"featured_media":63310,"comment_status":"closed","ping_status":"closed","sticky":false,"template":"","format":"standard","meta":[],"categories":[9],"tags":[],"_links":{"self":[{"href":"https:\/\/www.actualidadadiario.com\/index.php\/wp-json\/wp\/v2\/posts\/63309"}],"collection":[{"href":"https:\/\/www.actualidadadiario.com\/index.php\/wp-json\/wp\/v2\/posts"}],"about":[{"href":"https:\/\/www.actualidadadiario.com\/index.php\/wp-json\/wp\/v2\/types\/post"}],"author":[{"embeddable":true,"href":"https:\/\/www.actualidadadiario.com\/index.php\/wp-json\/wp\/v2\/users\/3"}],"replies":[{"embeddable":true,"href":"https:\/\/www.actualidadadiario.com\/index.php\/wp-json\/wp\/v2\/comments?post=63309"}],"version-history":[{"count":1,"href":"https:\/\/www.actualidadadiario.com\/index.php\/wp-json\/wp\/v2\/posts\/63309\/revisions"}],"predecessor-version":[{"id":63311,"href":"https:\/\/www.actualidadadiario.com\/index.php\/wp-json\/wp\/v2\/posts\/63309\/revisions\/63311"}],"wp:featuredmedia":[{"embeddable":true,"href":"https:\/\/www.actualidadadiario.com\/index.php\/wp-json\/wp\/v2\/media\/63310"}],"wp:attachment":[{"href":"https:\/\/www.actualidadadiario.com\/index.php\/wp-json\/wp\/v2\/media?parent=63309"}],"wp:term":[{"taxonomy":"category","embeddable":true,"href":"https:\/\/www.actualidadadiario.com\/index.php\/wp-json\/wp\/v2\/categories?post=63309"},{"taxonomy":"post_tag","embeddable":true,"href":"https:\/\/www.actualidadadiario.com\/index.php\/wp-json\/wp\/v2\/tags?post=63309"}],"curies":[{"name":"wp","href":"https:\/\/api.w.org\/{rel}","templated":true}]}}