{"id":63306,"date":"2020-06-24T12:49:48","date_gmt":"2020-06-24T15:49:48","guid":{"rendered":"https:\/\/www.actualidadadiario.com\/?p=63306"},"modified":"2020-06-24T12:49:48","modified_gmt":"2020-06-24T15:49:48","slug":"coronavirus-el-presidente-dialogara-con-lideres-latinoamericanos-y-con-el-fmi","status":"publish","type":"post","link":"https:\/\/www.actualidadadiario.com\/index.php\/2020\/06\/24\/coronavirus-el-presidente-dialogara-con-lideres-latinoamericanos-y-con-el-fmi\/","title":{"rendered":"Coronavirus: el Presidente dialogar\u00e1 con l\u00edderes latinoamericanos y con el FMI"},"content":{"rendered":"<p style=\"text-align: center;\"><em><strong>El encuentro es una iniciativa del gobierno espa\u00f1ol para impulsar un compromiso para que el FMI y otros organismos internacionales articulen mecanismos financieros &#8220;novedosos y ambiciosos&#8221; para que los pa\u00edses de la regi\u00f3n puedan paliar la crisis<\/strong><\/em><\/p>\n<p>&nbsp;<\/p>\n<p>&nbsp;<\/p>\n<p>El presidente Alberto Fern\u00e1ndez participar\u00e1 hoy de una videoconferencia con l\u00edderes de Am\u00e9rica Latina y el Caribe, iniciativa del gobierno espa\u00f1ol para impulsar un compromiso para que el FMI y otros organismos internacionales articulen mecanismos financieros &#8220;novedosos y ambiciosos&#8221;, para que los pa\u00edses de la regi\u00f3n puedan paliar la crisis generada por la pandemia de coronavirus.<\/p>\n<p>La conferencia virtual es iniciativa del jefe del gobierno espa\u00f1ol, el socialista Pedro S\u00e1nchez, que presidir\u00e1 el encuentro que lleva el lema &#8220;Juntos por una respuesta para Am\u00e9rica Latina y el Caribe ante la Covid-19&#8221; y que se celebrar\u00e1 a partir de las 16 hora espa\u00f1ola (11 de la ma\u00f1ana de Argentina).<\/p>\n<p>La iniciativa pretende impulsar propuestas econ\u00f3micas concretas tendientes a elevar el flujo financiero hacia la regi\u00f3n latinoamericana, lo que incluye tambi\u00e9n abordar el tema de la deuda externa de muchos pa\u00edses, entre ellos Argentina, &#8220;poniendo sobre la mesa la necesidad de reestructuraciones, alivios, atendiendo siempre el criterio de sostenibilidad&#8221;, dijeron a Telam fuentes del Ejecutivo espa\u00f1ol.<\/p>\n<p>Del evento participar\u00e1 la Directora Gerente del Fondo Monetario Internacional (FMI), Kristalina Georgieva, quien mantiene congelado el programa vigente del organismo de cr\u00e9dito con Argentina, a trav\u00e9s del cual gir\u00f3 desembolsos al pa\u00eds por US$ 44.000 millones, que el gobierno argentino deber\u00e1 renegociar o suscribir otro, para hacer frente al repaso de los reparos.<\/p>\n<p>El presidente del gobierno de Espa\u00f1a cuenta con la confirmaci\u00f3n de los mandatarios de Argentina, Chile, Colombia, Costa Rica, Ecuador, Per\u00fa, Paraguay, Rep\u00fablica Dominicana y Uruguay; as\u00ed como de Barbados, en su calidad de presidenta del Caricom (Comunidad del Caribe), informaron fuentes del Ejecutivo espa\u00f1ol.<\/p>\n<p>Los grandes ausentes son el presidente de M\u00e9xico, Andr\u00e9s Manuel L\u00f3pez Obrador, quien comparte la iniciativa pero no pudo ajustar su agenda, as\u00ed como el de Brasil, Jail Bolsonaro, y el de Venezuela, Nicol\u00e1s Maduro.<\/p>\n<p>El gobierno espa\u00f1ol destac\u00f3 que la iniciativa es &#8220;abierta&#8221;, pero que se invit\u00f3 a pa\u00edses con los que existe una mayor afinidad en la posici\u00f3n para abordar de forma m\u00e1s eficaz la cuesti\u00f3n de la necesaria financiaci\u00f3n internacional para la regi\u00f3n, que enfrenta una recesi\u00f3n sin precedentes, que ver\u00e1 ahondar los problemas estructurales a ra\u00edz del confinamiento adoptado para controlar los brotes de coronavirus.<\/p>\n<p>&nbsp;<\/p>\n<p><strong>Am\u00e9rica Latina frente al Coronavirus<\/strong><\/p>\n<p>Si bien en t\u00e9rminos generales los pa\u00edses de Am\u00e9rica Latina y el Caribe reciben apoyo de los organismos internacionales, Espa\u00f1a y sus socios que participan del encuentro virtual coinciden en que &#8220;no es suficiente&#8221; y que se deben articular mecanismos acordes a la realidad de la regi\u00f3n, que seg\u00fan la OMS, es la m\u00e1s expuesta al coronavirus desde el punto de vista sanitario, as\u00ed como de sus consecuencias econ\u00f3micas.<\/p>\n<p>El \u00faltimo informe del FMI del 14 de abril pronostica una contracci\u00f3n del PIB de Latinoam\u00e9rica del 5,2% para 2020, con una perspectiva de recuperaci\u00f3n parcial, mientras la CEPAL estim\u00f3 un incremento de hasta 29 millones de personas en situaci\u00f3n de pobreza.<\/p>\n<p>&#8220;Es extremadamente importante que Am\u00e9rica Latina no caiga y se pueda recuperar de forma eficaz&#8221;, subrayan desde el gobierno progresistas de S\u00e1nchez.<\/p>\n<p>El l\u00edder socialista pretende que el encuentro virtual sirva para hacer un &#8220;llamado conjunto a la comunidad internacional y las instituciones internacionales para que den una respuesta innovadora y coordinada a la crisis postcoronavirus desde el punto de vista macroecon\u00f3mico y tambi\u00e9n sectorial, tanto desde el punto de vista sanitario, como el empleo o las ayudas sociales&#8221;.<\/p>\n<p>La reuni\u00f3n virtual, que ser\u00e1 cerrada a la prensa, se articular\u00e1 en tres bloques y al finalizar las intervenciones se adaptar\u00e1 una declaraci\u00f3n conjunta que fue negociada entre todos los pa\u00edses, con propuestas concretas.<\/p>\n<p>S\u00e1nchez inaugurar\u00e1 la conferencia y luego intervendr\u00e1n los representantes de los organismos internacionales para hacer un diagn\u00f3stico de la situaci\u00f3n y explicar las medidas adoptadas hasta el momento.<\/p>\n<p>Adem\u00e1s de la directora gerente del FMI, estar\u00e1n el vicepresidente del Banco Mundial, Carlos Felipe Jaramillo, y el presidente del BID (Banco Interamericano de Desarrollo), Luis Alberto Moreno.<\/p>\n<p>Tras los presidentes participantes el encuentro se cerrar\u00e1 con una perspectiva regional que aportar\u00e1n representantes de instituciones financieras como la CAF, el Banco Centro Americano de Integraci\u00f3n Econ\u00f3mica, la CEPAL (Comisi\u00f3n Econ\u00f3mica para Am\u00e9rica Latina y El Caribe) y la SEGIB (Secretaria General Iberoamericana).<\/p>\n","protected":false},"excerpt":{"rendered":"<p>El encuentro es una iniciativa del gobierno espa\u00f1ol para impulsar un compromiso para que el FMI y otros organismos internacionales articulen mecanismos financieros &#8220;novedosos y ambiciosos&#8221; para que los pa\u00edses de la regi\u00f3n puedan paliar la crisis &nbsp; &nbsp; El presidente Alberto Fern\u00e1ndez participar\u00e1 hoy de una videoconferencia con l\u00edderes de Am\u00e9rica Latina y el Caribe, iniciativa del gobierno espa\u00f1ol para impulsar un compromiso para que el FMI y otros organismos internacionales articulen mecanismos financieros &#8220;novedosos y ambiciosos&#8221;, para que los pa\u00edses de la regi\u00f3n puedan paliar la crisis generada&#8230;<\/p>\n","protected":false},"author":3,"featured_media":63307,"comment_status":"closed","ping_status":"closed","sticky":false,"template":"","format":"standard","meta":[],"categories":[9],"tags":[],"_links":{"self":[{"href":"https:\/\/www.actualidadadiario.com\/index.php\/wp-json\/wp\/v2\/posts\/63306"}],"collection":[{"href":"https:\/\/www.actualidadadiario.com\/index.php\/wp-json\/wp\/v2\/posts"}],"about":[{"href":"https:\/\/www.actualidadadiario.com\/index.php\/wp-json\/wp\/v2\/types\/post"}],"author":[{"embeddable":true,"href":"https:\/\/www.actualidadadiario.com\/index.php\/wp-json\/wp\/v2\/users\/3"}],"replies":[{"embeddable":true,"href":"https:\/\/www.actualidadadiario.com\/index.php\/wp-json\/wp\/v2\/comments?post=63306"}],"version-history":[{"count":1,"href":"https:\/\/www.actualidadadiario.com\/index.php\/wp-json\/wp\/v2\/posts\/63306\/revisions"}],"predecessor-version":[{"id":63308,"href":"https:\/\/www.actualidadadiario.com\/index.php\/wp-json\/wp\/v2\/posts\/63306\/revisions\/63308"}],"wp:featuredmedia":[{"embeddable":true,"href":"https:\/\/www.actualidadadiario.com\/index.php\/wp-json\/wp\/v2\/media\/63307"}],"wp:attachment":[{"href":"https:\/\/www.actualidadadiario.com\/index.php\/wp-json\/wp\/v2\/media?parent=63306"}],"wp:term":[{"taxonomy":"category","embeddable":true,"href":"https:\/\/www.actualidadadiario.com\/index.php\/wp-json\/wp\/v2\/categories?post=63306"},{"taxonomy":"post_tag","embeddable":true,"href":"https:\/\/www.actualidadadiario.com\/index.php\/wp-json\/wp\/v2\/tags?post=63306"}],"curies":[{"name":"wp","href":"https:\/\/api.w.org\/{rel}","templated":true}]}}