{"id":63297,"date":"2020-06-24T12:47:29","date_gmt":"2020-06-24T15:47:29","guid":{"rendered":"https:\/\/www.actualidadadiario.com\/?p=63297"},"modified":"2020-06-24T12:47:29","modified_gmt":"2020-06-24T15:47:29","slug":"priorizan-inversiones-para-mantener-y-ampliar-la-red-federal-de-fibra-optica","status":"publish","type":"post","link":"https:\/\/www.actualidadadiario.com\/index.php\/2020\/06\/24\/priorizan-inversiones-para-mantener-y-ampliar-la-red-federal-de-fibra-optica\/","title":{"rendered":"Priorizan inversiones para mantener y ampliar la red federal de fibra \u00f3ptica"},"content":{"rendered":"<p style=\"text-align: center;\"><em><strong>El Gobierno nacional tiene como prioridad concretar su ampliaci\u00f3n, a fin de cumplir con los objetivos del Programa de Acceso a Servicios TIC (tecnolog\u00edas de la informaci\u00f3n y la comunicaci\u00f3n), seg\u00fan inform\u00f3 el Poder Ejecutivo al Senado<\/strong><\/em><\/p>\n<p>&nbsp;<\/p>\n<p>&nbsp;<\/p>\n<p>El Gobierno nacional ha encarado urgentes inversiones en la red federal de fibra \u00f3ptica y tiene como prioridad concretar su ampliaci\u00f3n, a fin de cumplir con los objetivos del Programa de Acceso a Servicios TIC (tecnolog\u00edas de la informaci\u00f3n y la comunicaci\u00f3n), seg\u00fan inform\u00f3 el Poder Ejecutivo al Senado.<\/p>\n<p>La Secretar\u00eda de Innovaci\u00f3n P\u00fablica de la Jefatura de Gabinete de Ministros considera (JGM) que el mantenimiento electr\u00f3nico de la red actual es una de las tareas &#8220;de car\u00e1cter urgente&#8221; a afrontar, &#8220;ya que la gesti\u00f3n anterior no tuvo entre sus prioridades hacerlo\u201d.<\/p>\n<p>Puntualmente, los equipos electr\u00f3nicos de transporte de la red federal fueron adquiridos v\u00eda licitaci\u00f3n en 2013 e instalados entre 2014 y 2015, alert\u00f3 la JGM en el informe presentado d\u00edas atr\u00e1s en el Senado.<\/p>\n<p>Indic\u00f3 adem\u00e1s que \u201cpor su antig\u00fcedad, los equipos comenzaron a ingresar en fase out, lo que implica que sus fabricantes ya no proveen asistencias t\u00e9cnicas ni repuestos porque los dejaron de fabricar\u201d.<\/p>\n<p>Ante una pregunta formulada por la senadora Gladys Esther Gonz\u00e1lez (bloque Frente Pro\u2013Buenos Aires), el informe detall\u00f3 que esos equipos fueron adquiridos para las necesidades de aquel momento, debido al gran incremento del tr\u00e1fico sobre la red.<\/p>\n<p>En la actualidad se requiere una ampliaci\u00f3n de car\u00e1cter urgente para \u201cactualizar tanto el hardware como el software a nuevas versiones, que soporten implementaciones de enlaces con capacidades de 100 y 200 Gbps (gigabits por segundo)\u201d, se precis\u00f3.<\/p>\n<p>El informe de la Jefatura de Gabinete remarc\u00f3 que \u201cdesde su instalaci\u00f3n no se realiz\u00f3 ning\u00fan tipo de actualizaci\u00f3n sobre esta red\u201d, lo que impone el doble desaf\u00edo de revalorizarla y potenciarla.<\/p>\n<p>La Secretar\u00eda de Innovaci\u00f3n record\u00f3 que el Programa de Acceso a Servicios TIC, ejecutado por Arsat, consiste en el financiamiento de 670 nodos: 120 en una primera etapa y 550 en la segunda, los cuales se integrar\u00e1n con los nodos existentes.<\/p>\n<p>Con ambos proyectos, ya concretados, se iluminaron m\u00e1s de 33.000 kil\u00f3metros de fibra \u00f3ptica y ahora se encuentra en estudio la tercera etapa.<\/p>\n<p>Actualmente la red federal transporta 349 Gbps de informaci\u00f3n, conecta los data centers de la Anses, el Banco Central y Telecom S.A. con el data center de Arsat, y tiene a 44 organismos de la administraci\u00f3n p\u00fablica nacional conectados a su red.<\/p>\n<p>La Secretar\u00eda proyecta completar la red troncal con la incorporaci\u00f3n de infraestructura y equipos para ampliar la capacidad de la red, y cerrar los anillos de fibra \u00f3ptica en Neuqu\u00e9n, Entre R\u00edos y R\u00edo Negro.<\/p>\n<p>De modo complementario se definir\u00e1n ampliaciones y modificaciones de la red CABA, al tiempo que se revisar\u00e1n los convenios con Corrientes, Jujuy, C\u00f3rdoba, Tierra del Fuego y Santiago del Estero.<\/p>\n<p>Sobre este \u00faltimo punto, el informe se\u00f1al\u00f3 que los contratos con las provincias \u201cson uno de los principales problemas que se arrastran de la administraci\u00f3n anterior\u201d.<\/p>\n<p>\u201cAl inicio de la actual gesti\u00f3n emergieron diversos conflictos administrativos acerca de c\u00f3mo afrontar las tareas de mantenimiento de la red con provincias como Formosa, Chaco, Misiones, La Rioja y Santiago del Estero\u201d, detall\u00f3 la Secretar\u00eda de Innovaci\u00f3n.<\/p>\n","protected":false},"excerpt":{"rendered":"<p>El Gobierno nacional tiene como prioridad concretar su ampliaci\u00f3n, a fin de cumplir con los objetivos del Programa de Acceso a Servicios TIC (tecnolog\u00edas de la informaci\u00f3n y la comunicaci\u00f3n), seg\u00fan inform\u00f3 el Poder Ejecutivo al Senado &nbsp; &nbsp; El Gobierno nacional ha encarado urgentes inversiones en la red federal de fibra \u00f3ptica y tiene como prioridad concretar su ampliaci\u00f3n, a fin de cumplir con los objetivos del Programa de Acceso a Servicios TIC (tecnolog\u00edas de la informaci\u00f3n y la comunicaci\u00f3n), seg\u00fan inform\u00f3 el Poder Ejecutivo al Senado. La Secretar\u00eda&#8230;<\/p>\n","protected":false},"author":3,"featured_media":63298,"comment_status":"closed","ping_status":"closed","sticky":false,"template":"","format":"standard","meta":[],"categories":[2],"tags":[],"_links":{"self":[{"href":"https:\/\/www.actualidadadiario.com\/index.php\/wp-json\/wp\/v2\/posts\/63297"}],"collection":[{"href":"https:\/\/www.actualidadadiario.com\/index.php\/wp-json\/wp\/v2\/posts"}],"about":[{"href":"https:\/\/www.actualidadadiario.com\/index.php\/wp-json\/wp\/v2\/types\/post"}],"author":[{"embeddable":true,"href":"https:\/\/www.actualidadadiario.com\/index.php\/wp-json\/wp\/v2\/users\/3"}],"replies":[{"embeddable":true,"href":"https:\/\/www.actualidadadiario.com\/index.php\/wp-json\/wp\/v2\/comments?post=63297"}],"version-history":[{"count":1,"href":"https:\/\/www.actualidadadiario.com\/index.php\/wp-json\/wp\/v2\/posts\/63297\/revisions"}],"predecessor-version":[{"id":63299,"href":"https:\/\/www.actualidadadiario.com\/index.php\/wp-json\/wp\/v2\/posts\/63297\/revisions\/63299"}],"wp:featuredmedia":[{"embeddable":true,"href":"https:\/\/www.actualidadadiario.com\/index.php\/wp-json\/wp\/v2\/media\/63298"}],"wp:attachment":[{"href":"https:\/\/www.actualidadadiario.com\/index.php\/wp-json\/wp\/v2\/media?parent=63297"}],"wp:term":[{"taxonomy":"category","embeddable":true,"href":"https:\/\/www.actualidadadiario.com\/index.php\/wp-json\/wp\/v2\/categories?post=63297"},{"taxonomy":"post_tag","embeddable":true,"href":"https:\/\/www.actualidadadiario.com\/index.php\/wp-json\/wp\/v2\/tags?post=63297"}],"curies":[{"name":"wp","href":"https:\/\/api.w.org\/{rel}","templated":true}]}}