{"id":63294,"date":"2020-06-24T12:46:39","date_gmt":"2020-06-24T15:46:39","guid":{"rendered":"https:\/\/www.actualidadadiario.com\/?p=63294"},"modified":"2020-06-24T12:46:39","modified_gmt":"2020-06-24T15:46:39","slug":"decenas-de-fiestas-regionales-fueron-canceladas-o-pospuestas-en-todo-el-pais","status":"publish","type":"post","link":"https:\/\/www.actualidadadiario.com\/index.php\/2020\/06\/24\/decenas-de-fiestas-regionales-fueron-canceladas-o-pospuestas-en-todo-el-pais\/","title":{"rendered":"Decenas de fiestas regionales fueron canceladas o pospuestas en todo el pa\u00eds"},"content":{"rendered":"<p style=\"text-align: center;\"><em><strong>Las celebraciones cambiaron al formato virtual o se suspendieron por las medidas de cuidado para evitar m\u00e1s contagios de coronavirus<\/strong><\/em><\/p>\n<p>&nbsp;<\/p>\n<p>&nbsp;<\/p>\n<p>Celebraciones patrias, religiosas y festividades locales han sido repensadas para un plano virtual o directamente suspendidas, en el marco de las medidas de cuidado ante la pandemia de coronavirus, mientras apenas un pu\u00f1ado de estas actividades pudieron desarrollarse con nuevos protocolos sanitarios que anuncian un nuevo modo de festejar.<\/p>\n<p>La pandemia de coronavirus oblig\u00f3 al gobierno bonaerense a reformular el modo en que celebrar\u00e1 el Bicentenario de la Provincia y a adaptar las ideas originales a nuevos formatos.<\/p>\n<p>En ese contexto, los voceros explicaron que se trabaja en la elaboraci\u00f3n de un ciclo de m\u00fasica y teatro online &#8220;con el objetivo de ayudar a esos sectores, que se vieron muy afectados por la crisis&#8221;, y semanas atr\u00e1s se lanz\u00f3 el concurso de cuentos &#8220;Haroldo Conti Edici\u00f3n Bicentenario&#8221; destinado a j\u00f3venes narradores de entre 18 y 35 a\u00f1os.<\/p>\n<p>&#8220;Todo lo que se haga en el marco de los 200 a\u00f1os tiene como objetivo recuperar el patrimonio de la provincia y destacar el orgullo bonaerense&#8221;, afirman desde la administraci\u00f3n de Axel Kicillof.<\/p>\n<p>Todos los festivales y fiestas populares y religiosas de la provincia fueron directamente suspendidas desde el inicio de la pandemia.<\/p>\n<p>En San Luis, las celebraciones religiosas del Cristo de la Quebrada y el Se\u00f1or de Renca fueron restringidas a transmisiones virtuales de la misa y una corta procesi\u00f3n con las im\u00e1genes sagradas sin la participaci\u00f3n de las decenas de miles de devotos habituales; mientras que los festivales populares no fueron reemplazados por versiones de Internet.<\/p>\n<p>La Fiesta Nacional de la Ganader\u00eda, que se realiza todos los a\u00f1os a principios de mayo en General Alvear, al sur de Mendoza, &#8220;se pas\u00f3 -hasta ahora- para el primer fin de semana de octubre&#8221;, informaron desde el municipio. En tanto, el Festival M\u00fasica Cl\u00e1sica por los caminos del Vino se cancel\u00f3; la Feria del Libro ser\u00e1 en una propuesta virtual al igual como ocurri\u00f3 con el ciclo de conciertos de la Orquesta Filarm\u00f3nica y los actos patrios del 25 de mayo y 20 de junio.<\/p>\n<p>La fecha del Rally Mundial en C\u00f3rdoba que deb\u00eda disputar su 40ta edici\u00f3n entre el 23 y el 26 de abril pasado fue cancelada.<\/p>\n<p>En Neuqu\u00e9n, tambi\u00e9n qued\u00f3 trunca la conmemoraci\u00f3n del 50 aniversario de &#8220;El Choconazo&#8221;, hist\u00f3rica huelga de los obreros de la denominada &#8220;obra del siglo XX&#8221; por mejores condiciones laborales y salariales, y el 4 de abril no pudo realizarse la marcha para recordar al maestro Carlos Fuentealba, asesinado por el cabo Dar\u00edo Poblete durante una manifestaci\u00f3n docente en 1997. El Mundial de Motocross fue reprogramado para el 21 y 22 de noviembre pr\u00f3ximo y fueron suspendidas todas las fiestas populares neuquinas.<\/p>\n<p>Por su parte, la Confederaci\u00f3n Mapuche de Neuqu\u00e9n inform\u00f3 que este a\u00f1o no se realizar\u00e1 en forma abierta la celebraci\u00f3n del Wi\u00f1oy Xipantu (Regreso del Sol).<\/p>\n<p>Una villa sin peregrinos es una imagen que nunca se imagin\u00f3 en el d\u00eda de la festividad del Se\u00f1or de los Milagros de Mail\u00edn, una de las fiestas de fe m\u00e1s importante del norte del pa\u00eds, en Santiago del Estero, y esa fecha solo pudo ser acompa\u00f1ada este a\u00f1o por Internet a causa del coronavirus.<\/p>\n<p>Tambi\u00e9n la &#8220;Fiesta Nacional de la Noche M\u00e1s Larga&#8221;, uno de los eventos m\u00e1s tradicionales del invierno en la ciudad de Ushuaia, tuvo este a\u00f1o una edici\u00f3n virtual como consecuencia de la pandemia de coronavirus. La celebraci\u00f3n se realiza en coincidencia con el solsticio de invierno en el hemisferio sur, como s\u00edmbolo del d\u00eda del a\u00f1o con menor cantidad de tiempo de luz solar y por lo tanto la noche m\u00e1s larga.<\/p>\n<p>Al tratarse de un evento multitudinario que en las \u00faltimas ediciones se dividi\u00f3 en varias jornadas, el municipio local debi\u00f3 suspenderlo, pero las autoridades realizaron una emisi\u00f3n especial por redes sociales, en la que se record\u00f3 la participaci\u00f3n de cantantes y grupos musicales.<\/p>\n<p>En Jujuy tambi\u00e9n se celebra esta fecha, conocida como Inti Raymi, y fue suspendida, as\u00ed como las peregrinaciones en honor a la virgen de Copacabana de Punta Corral, que tiene lugar previo a la Semana Santa, y por la que miles de juje\u00f1os se enfilan hacia las localidades de Tilcara y Tumbaya en plena Quebrada de Humahuaca.<\/p>\n<p>La conmemoraci\u00f3n de los 500 a\u00f1os de la primera misa celebrada en suelo argentino, el 1 de abril de 1520 en la ciudad de Puerto San Juli\u00e1n, fue uno de los festejos cancelados por la pandemia en Santa Cruz, entre otras fiestas populares como la de la Estepa en Las Heras, la de la Trucha en Comandante Luis Piedra Buena y la Feria Provincial del Libro en el Complejo Cultural Santa Cruz de R\u00edo Gallegos. En cambio, fue celebrada en el obispado de la di\u00f3cesis de R\u00edo Gallegos en una misa online.<\/p>\n<p>Adem\u00e1s, se suspendi\u00f3 la 26\u00b0 edici\u00f3n de la Fiesta Nacional del Tomate y la Producci\u00f3n, que desde hace m\u00e1s de 20 a\u00f1os se celebra en la ciudad rionegrina Lamarque, a mediados de marzo.<\/p>\n<p>La Fiesta Provincial de la Cordialidad, la Fiesta Provincial del Ternero de Choele Choel, la Fiesta Nacional del Chocolate, La Fiesta Nacional de la Matra y las Artesan\u00edas de la provincia de R\u00edo Negro tambi\u00e9n fueron suspendidas, mientras que la Fiesta Provincial de la Paella Espa\u00f1ola, las Pe\u00f1as y la Amistad fueron realizadas de forma virtual.<\/p>\n<p>En Corrientes, la Peregrinaci\u00f3n a la Bas\u00edlica de Itat\u00ed prevista para el 16 de julio fue suspendida, confirm\u00f3 el padre Epifanio Barrios en di\u00e1logo con la prensa.<\/p>\n<p>Por \u00faltimo, de momento, la Pastoral de Juventud del NEA anunci\u00f3 la suspensi\u00f3n de la Peregrinaci\u00f3n Juvenil del NEA a Itat\u00ed programada para el 19 y 20 de septiembre, no se realizar\u00e1 debido a la pandemia y por primera vez en 41 a\u00f1os. El equipo organizador comunic\u00f3 que habr\u00e1 actividades alternativas para la celebraci\u00f3n.<\/p>\n","protected":false},"excerpt":{"rendered":"<p>Las celebraciones cambiaron al formato virtual o se suspendieron por las medidas de cuidado para evitar m\u00e1s contagios de coronavirus &nbsp; &nbsp; Celebraciones patrias, religiosas y festividades locales han sido repensadas para un plano virtual o directamente suspendidas, en el marco de las medidas de cuidado ante la pandemia de coronavirus, mientras apenas un pu\u00f1ado de estas actividades pudieron desarrollarse con nuevos protocolos sanitarios que anuncian un nuevo modo de festejar. La pandemia de coronavirus oblig\u00f3 al gobierno bonaerense a reformular el modo en que celebrar\u00e1 el Bicentenario de la&#8230;<\/p>\n","protected":false},"author":3,"featured_media":63295,"comment_status":"closed","ping_status":"closed","sticky":false,"template":"","format":"standard","meta":[],"categories":[2],"tags":[],"_links":{"self":[{"href":"https:\/\/www.actualidadadiario.com\/index.php\/wp-json\/wp\/v2\/posts\/63294"}],"collection":[{"href":"https:\/\/www.actualidadadiario.com\/index.php\/wp-json\/wp\/v2\/posts"}],"about":[{"href":"https:\/\/www.actualidadadiario.com\/index.php\/wp-json\/wp\/v2\/types\/post"}],"author":[{"embeddable":true,"href":"https:\/\/www.actualidadadiario.com\/index.php\/wp-json\/wp\/v2\/users\/3"}],"replies":[{"embeddable":true,"href":"https:\/\/www.actualidadadiario.com\/index.php\/wp-json\/wp\/v2\/comments?post=63294"}],"version-history":[{"count":1,"href":"https:\/\/www.actualidadadiario.com\/index.php\/wp-json\/wp\/v2\/posts\/63294\/revisions"}],"predecessor-version":[{"id":63296,"href":"https:\/\/www.actualidadadiario.com\/index.php\/wp-json\/wp\/v2\/posts\/63294\/revisions\/63296"}],"wp:featuredmedia":[{"embeddable":true,"href":"https:\/\/www.actualidadadiario.com\/index.php\/wp-json\/wp\/v2\/media\/63295"}],"wp:attachment":[{"href":"https:\/\/www.actualidadadiario.com\/index.php\/wp-json\/wp\/v2\/media?parent=63294"}],"wp:term":[{"taxonomy":"category","embeddable":true,"href":"https:\/\/www.actualidadadiario.com\/index.php\/wp-json\/wp\/v2\/categories?post=63294"},{"taxonomy":"post_tag","embeddable":true,"href":"https:\/\/www.actualidadadiario.com\/index.php\/wp-json\/wp\/v2\/tags?post=63294"}],"curies":[{"name":"wp","href":"https:\/\/api.w.org\/{rel}","templated":true}]}}