{"id":63292,"date":"2020-06-24T12:45:53","date_gmt":"2020-06-24T15:45:53","guid":{"rendered":"https:\/\/www.actualidadadiario.com\/?p=63292"},"modified":"2020-06-24T12:45:53","modified_gmt":"2020-06-24T15:45:53","slug":"las-universidades-seran-las-ultimas-en-regresar-a-las-clases-presenciales","status":"publish","type":"post","link":"https:\/\/www.actualidadadiario.com\/index.php\/2020\/06\/24\/las-universidades-seran-las-ultimas-en-regresar-a-las-clases-presenciales\/","title":{"rendered":"Las universidades ser\u00e1n las \u00faltimas en regresar a las clases presenciales"},"content":{"rendered":"<p style=\"text-align: center;\"><em><strong>El ministro de Educaci\u00f3n de la Naci\u00f3n, Nicol\u00e1s Trotta, afirm\u00f3 que &#8220;el nivel superior el m\u00e1s preparado, por condiciones intr\u00ednsecas de este nivel educativo para la educaci\u00f3n a distancia o la virtualizaci\u00f3n educativa, proyectamos que va a ser el \u00faltimo en regresar&#8221;<\/strong><\/em><\/p>\n<p>&nbsp;<\/p>\n<p>&nbsp;<\/p>\n<p>El ministro de Educaci\u00f3n de la Naci\u00f3n, Nicol\u00e1s Trotta, advirti\u00f3 este martes que las universidades probablemente ser\u00e1n las \u00faltimas en retomar las clases presenciales dado que el nivel superior &#8220;es el m\u00e1s preparado&#8221; en relaci\u00f3n a la modalidad virtual.<\/p>\n<p>&#8220;Siendo el nivel superior el m\u00e1s preparado, por condiciones intr\u00ednsecas de este nivel educativo para la educaci\u00f3n a distancia o la virtualizaci\u00f3n educativa, proyectamos que va a ser el \u00faltimo en regresar&#8221;, asegur\u00f3 el ministro.<\/p>\n<p>Adem\u00e1s se\u00f1al\u00f3 en declaraciones radiales, que este mi\u00e9rcoles se reunir\u00e1 con los actores principales del nivel superior para determinar posibles fechas y condiciones para regresar a las clases presenciales.<\/p>\n<p>En ese sentido detall\u00f3 que &#8220;las universidades con un alto nivel de circulaci\u00f3n del virus en sus zonas no pueden proyectar un regreso a las clases inmediato&#8221;, pero que &#8220;s\u00ed hay otras universidades que tendr\u00e1n que trabajar seg\u00fan la realidad de la estructura edilicia de cada sede al distanciamiento social y las medidas de higiene para proyectar un regreso cercano&#8221;.<\/p>\n<p>Por otro lado, Trotta tambi\u00e9n se reuni\u00f3 con el ministro de Transporte, Mario Meoni, el director del INET y responsable del Consejo asesor para la planificaci\u00f3n del regreso presencial a las aulas, Diego Golombek, para diagramar un sistema escalonado que evite las aglomeraciones en el transporte p\u00fablico.<\/p>\n<p>&#8220;Es indispensable coordinar c\u00f3mo ser\u00e1n los cronogramas de funcionamiento del transporte p\u00fablico para cuando comiencen las clases presenciales, teniendo en cuenta las diversas realidades de las 24 jurisdicciones del pa\u00eds, siendo conscientes que la comunidad educativa moviliza a 15 millones de personas diariamente. Debemos ser muy cuidadosos teniendo presente que la prioridad es preservar la salud de todas y todos&#8221;, explic\u00f3 el funcionario de Educaci\u00f3n.<\/p>\n<p>Luego del encuentro entre funcionarios, Meoni afirm\u00f3: &#8220;Tuvimos una reuni\u00f3n muy productiva para analizar la compleja situaci\u00f3n cuando est\u00e9n dadas las condiciones para el regreso a clases, teniendo en cuenta que el 25% de las personas que utilizan el transporte est\u00e1n vinculadas a la educaci\u00f3n y debemos trabajar para poder respetar el distanciamiento social en el transporte p\u00fablico&#8221;.<\/p>\n","protected":false},"excerpt":{"rendered":"<p>El ministro de Educaci\u00f3n de la Naci\u00f3n, Nicol\u00e1s Trotta, afirm\u00f3 que &#8220;el nivel superior el m\u00e1s preparado, por condiciones intr\u00ednsecas de este nivel educativo para la educaci\u00f3n a distancia o la virtualizaci\u00f3n educativa, proyectamos que va a ser el \u00faltimo en regresar&#8221; &nbsp; &nbsp; El ministro de Educaci\u00f3n de la Naci\u00f3n, Nicol\u00e1s Trotta, advirti\u00f3 este martes que las universidades probablemente ser\u00e1n las \u00faltimas en retomar las clases presenciales dado que el nivel superior &#8220;es el m\u00e1s preparado&#8221; en relaci\u00f3n a la modalidad virtual. &#8220;Siendo el nivel superior el m\u00e1s preparado,&#8230;<\/p>\n","protected":false},"author":3,"featured_media":59897,"comment_status":"closed","ping_status":"closed","sticky":false,"template":"","format":"standard","meta":[],"categories":[2],"tags":[],"_links":{"self":[{"href":"https:\/\/www.actualidadadiario.com\/index.php\/wp-json\/wp\/v2\/posts\/63292"}],"collection":[{"href":"https:\/\/www.actualidadadiario.com\/index.php\/wp-json\/wp\/v2\/posts"}],"about":[{"href":"https:\/\/www.actualidadadiario.com\/index.php\/wp-json\/wp\/v2\/types\/post"}],"author":[{"embeddable":true,"href":"https:\/\/www.actualidadadiario.com\/index.php\/wp-json\/wp\/v2\/users\/3"}],"replies":[{"embeddable":true,"href":"https:\/\/www.actualidadadiario.com\/index.php\/wp-json\/wp\/v2\/comments?post=63292"}],"version-history":[{"count":1,"href":"https:\/\/www.actualidadadiario.com\/index.php\/wp-json\/wp\/v2\/posts\/63292\/revisions"}],"predecessor-version":[{"id":63293,"href":"https:\/\/www.actualidadadiario.com\/index.php\/wp-json\/wp\/v2\/posts\/63292\/revisions\/63293"}],"wp:featuredmedia":[{"embeddable":true,"href":"https:\/\/www.actualidadadiario.com\/index.php\/wp-json\/wp\/v2\/media\/59897"}],"wp:attachment":[{"href":"https:\/\/www.actualidadadiario.com\/index.php\/wp-json\/wp\/v2\/media?parent=63292"}],"wp:term":[{"taxonomy":"category","embeddable":true,"href":"https:\/\/www.actualidadadiario.com\/index.php\/wp-json\/wp\/v2\/categories?post=63292"},{"taxonomy":"post_tag","embeddable":true,"href":"https:\/\/www.actualidadadiario.com\/index.php\/wp-json\/wp\/v2\/tags?post=63292"}],"curies":[{"name":"wp","href":"https:\/\/api.w.org\/{rel}","templated":true}]}}