{"id":63290,"date":"2020-06-24T12:45:06","date_gmt":"2020-06-24T15:45:06","guid":{"rendered":"https:\/\/www.actualidadadiario.com\/?p=63290"},"modified":"2020-06-24T12:45:06","modified_gmt":"2020-06-24T15:45:06","slug":"el-desempleo-subio-a-104-en-el-primer-trimestre-del-ano","status":"publish","type":"post","link":"https:\/\/www.actualidadadiario.com\/index.php\/2020\/06\/24\/el-desempleo-subio-a-104-en-el-primer-trimestre-del-ano\/","title":{"rendered":"El desempleo subi\u00f3 a 10,4% en el primer trimestre del a\u00f1o"},"content":{"rendered":"<p style=\"text-align: center;\"><em><strong>Seg\u00fan el INDEC, es la m\u00e1s alta para ese per\u00edodo desde 2006. Coincidi\u00f3 con los primeros tres meses plenos del nuevo gobierno, el cual estuvo afectado en los \u00faltimos 10 d\u00edas de marzo por la pandemia del coronavirus<\/strong><\/em><\/p>\n<p>&nbsp;<\/p>\n<p>La tasa de desocupaci\u00f3n registr\u00f3 una leve suba en el primer trimestre del a\u00f1o, cuando fue del 10,4%, con relaci\u00f3n al mismo per\u00edodo del 2019, inform\u00f3 hoy el INDEC.<\/p>\n<p>El impacto de la pandemia sobre el empleo a\u00fan no se habr\u00eda reflejado en esta estad\u00edstica, ya que la cuarentena fue impuesta sobre el final del per\u00edodo, el 20 de marzo \u00faltimo.<\/p>\n<p>En el mismo per\u00edodo del 2019 la tasa de desempleo hab\u00eda arrojado 10,1%.<\/p>\n<p>En cambio, ese indicador clave s\u00ed creci\u00f3 con relaci\u00f3n al \u00faltimo trimestre del a\u00f1o anterior, cuando hab\u00eda arrojado 8,9%.<\/p>\n<p>&#8220;Estas tasas no presentaron variaciones estad\u00edsticamente significativas&#8221;, explic\u00f3 el organismo en un comunicado.<\/p>\n<p>Seg\u00fan el INDEC las personas afectadas por la desocupaci\u00f3n en los 31 distritos relevados llegan a 1.394.000, mientras que los subocupados son 1.569.000.<\/p>\n<p>En San Miguel de Tucum\u00e1n-Taf\u00ed del Valle se registr\u00f3 el \u00edndice m\u00e1s alto de desempleo, mientras que la ciudad de Posadas, tuvo el indicador m\u00e1s bajo con un 2,4%.<\/p>\n<p>El desempleo en el aglomerado Gran Buenos Aires -Capital m\u00e1s conurbano- lleg\u00f3 al 11,5%.<\/p>\n<p>En el conurbano bonaerense fue del 12,4% y tambi\u00e9n alcanzaron altos \u00edndices los distritos de Ushuaia-R\u00edo Grande con 12,4 y Rosario, 12,9%.<\/p>\n<p>La tasa de subocupaci\u00f3n fue del 11,7%, la de actividad se ubic\u00f3 en 47,1% y la de empleo en 42,2%.<\/p>\n","protected":false},"excerpt":{"rendered":"<p>Seg\u00fan el INDEC, es la m\u00e1s alta para ese per\u00edodo desde 2006. Coincidi\u00f3 con los primeros tres meses plenos del nuevo gobierno, el cual estuvo afectado en los \u00faltimos 10 d\u00edas de marzo por la pandemia del coronavirus &nbsp; La tasa de desocupaci\u00f3n registr\u00f3 una leve suba en el primer trimestre del a\u00f1o, cuando fue del 10,4%, con relaci\u00f3n al mismo per\u00edodo del 2019, inform\u00f3 hoy el INDEC. El impacto de la pandemia sobre el empleo a\u00fan no se habr\u00eda reflejado en esta estad\u00edstica, ya que la cuarentena fue impuesta&#8230;<\/p>\n","protected":false},"author":3,"featured_media":42393,"comment_status":"closed","ping_status":"closed","sticky":false,"template":"","format":"standard","meta":[],"categories":[2],"tags":[],"_links":{"self":[{"href":"https:\/\/www.actualidadadiario.com\/index.php\/wp-json\/wp\/v2\/posts\/63290"}],"collection":[{"href":"https:\/\/www.actualidadadiario.com\/index.php\/wp-json\/wp\/v2\/posts"}],"about":[{"href":"https:\/\/www.actualidadadiario.com\/index.php\/wp-json\/wp\/v2\/types\/post"}],"author":[{"embeddable":true,"href":"https:\/\/www.actualidadadiario.com\/index.php\/wp-json\/wp\/v2\/users\/3"}],"replies":[{"embeddable":true,"href":"https:\/\/www.actualidadadiario.com\/index.php\/wp-json\/wp\/v2\/comments?post=63290"}],"version-history":[{"count":1,"href":"https:\/\/www.actualidadadiario.com\/index.php\/wp-json\/wp\/v2\/posts\/63290\/revisions"}],"predecessor-version":[{"id":63291,"href":"https:\/\/www.actualidadadiario.com\/index.php\/wp-json\/wp\/v2\/posts\/63290\/revisions\/63291"}],"wp:featuredmedia":[{"embeddable":true,"href":"https:\/\/www.actualidadadiario.com\/index.php\/wp-json\/wp\/v2\/media\/42393"}],"wp:attachment":[{"href":"https:\/\/www.actualidadadiario.com\/index.php\/wp-json\/wp\/v2\/media?parent=63290"}],"wp:term":[{"taxonomy":"category","embeddable":true,"href":"https:\/\/www.actualidadadiario.com\/index.php\/wp-json\/wp\/v2\/categories?post=63290"},{"taxonomy":"post_tag","embeddable":true,"href":"https:\/\/www.actualidadadiario.com\/index.php\/wp-json\/wp\/v2\/tags?post=63290"}],"curies":[{"name":"wp","href":"https:\/\/api.w.org\/{rel}","templated":true}]}}