{"id":63287,"date":"2020-06-24T12:44:22","date_gmt":"2020-06-24T15:44:22","guid":{"rendered":"https:\/\/www.actualidadadiario.com\/?p=63287"},"modified":"2020-06-24T12:44:22","modified_gmt":"2020-06-24T15:44:22","slug":"guinos-y-rechazos-en-provincias-y-municipios-a-recibir-pacientes-foraneos-si-se-saturan-camas","status":"publish","type":"post","link":"https:\/\/www.actualidadadiario.com\/index.php\/2020\/06\/24\/guinos-y-rechazos-en-provincias-y-municipios-a-recibir-pacientes-foraneos-si-se-saturan-camas\/","title":{"rendered":"Gui\u00f1os y rechazos en provincias y municipios a recibir pacientes for\u00e1neos si se saturan camas"},"content":{"rendered":"<p style=\"text-align: center;\"><em><strong>Los zigzagueos del coronavirus dibujan contrastes tambi\u00e9n en el posicionamiento de gobernadores e intendentes frente a la posibilidad de albergar a enfermos de otros distritos con colapso sanitario. Ya hay conversaciones entre mandatarios<\/strong><\/em><\/p>\n<p>&nbsp;<\/p>\n<p>&nbsp;<\/p>\n<p>\u201cEn el caso de que haya una saturaci\u00f3n en otras provincias, vamos a ser solidarios\u201d. Esa puerta para recibir pacientes con coronavirus for\u00e1neos fue entreabierta en las \u00faltimas horas por el catamarque\u00f1o Ra\u00fal Jalil desde la \u00fanica provincia sin casos confirmados. En los hechos, blanque\u00f3 as\u00ed la existencia de conversaciones entre gobernadores -las hay tambi\u00e9n de mandatarios con intendentes- para sondear un plan B ante potenciales desbordes en hospitales o centros de aislamiento de pacientes leves.<\/p>\n<p>\u201cMuchos me dicen que no deje entrar a nadie, pero tenemos que vivir un mundo solidario; no descarto que La Rioja o Tucum\u00e1n nos ayuden en el caso de que lo necesitemos y nosotros a ellos, lo mismo que con nuestros hermanos chilenos\u201d, dijo Jalil, con alcance incluso al pa\u00eds trasandino, duramente golpeado por la pandemia.<\/p>\n<p>Desde el oficialismo catamarque\u00f1o dijeron que \u201calgunos gobernadores le consultaron sobre la posibilidad\u201d. \u201cPero no hay nada concreto; es una previsi\u00f3n por ahora para el caso de que sea necesario\u201d, afirmaron. Esas conversaciones incluyeron a los vecinos \u2013y tambi\u00e9n peronistas- mandatarios de La Rioja, Ricardo Quintela, y de Tucum\u00e1n, Juan Manzur. Sin embargo, brotaron ya los primeros rechazos. Por caso, el diputado provincial Hugo Avila (Unidad Ciudadana) present\u00f3 un proyecto en la Legislatura para \u201cprohibir que enfermos de coronavirus ingresen a Catamarca\u201d.<\/p>\n<p>En l\u00ednea con Jalil, este martes el coordinador del Centro de Operaciones de Emergencias de C\u00f3rdoba, Juan Ledesma, dijo que \u201ccon una capacidad holgada de camas, no dudo en que en forma solidaria vamos a aceptar pacientes de otras provincias\u201d. Pero aclar\u00f3 -ante Radio Mitre C\u00f3rdoba- que no hubo a\u00fan ni \u201cuna solicitud ni una definici\u00f3n del Gobierno\u201d de Juan Schiaretti.<\/p>\n<p>Una postura m\u00e1s cauta asumi\u00f3 el peronista sanjuanino Sergio U\u00f1ac. \u201cEstamos siempre disponibles, pero nuestros recursos no son infinitos y tenemos una planificaci\u00f3n pensada para San Juan; estamos insertos en una pandemia y no sabemos en qu\u00e9 momento puede desencadenarse una situaci\u00f3n compleja\u201d, dijo la ministra de Salud, Alejandra Venerando, a Radio Sarmiento. Previamente, el gobierno del radical mendocino Rodolfo Suarez hab\u00eda rechazado la posibilidad de recibir pacientes de Chile, tras una idea del diputado oficialista chileno Andr\u00e9s Celis.<\/p>\n<p>Las conversaciones en pos de garantizar camas en otros distritos ante el caso de desbordes sanitarios se dan tambi\u00e9n puertas adentro de algunas provincias.<\/p>\n<p>No se trata de estrategias que se manejen por el momento en la \u00f3rbita del Gobierno nacional, sino que hasta ahora transitan en los carriles de la relaci\u00f3n entre gobernadores, o de gobernadores con intendentes.<\/p>\n<p>El caso m\u00e1s sonoro es el de la Provincia de Buenos Aires, aunque referido al potencial traslado entre distritos aleda\u00f1os de enfermos con s\u00edntomas leves, que deban alojarse en camas extrahospitalarias, en centros de aislamiento.<\/p>\n<p>Es una posibilidad -aclaran- a la que pueden acceder los intendentes que deseen hacerlo. El 10 de junio Axel Kicillof present\u00f3 el \u201cConvenio de adhesi\u00f3n al Fondo de Asistencia Municipal para la atenci\u00f3n no hospitalaria de pacientes con Covid-19\u201d, que contempla una asistencia no reintegrable de 2 mil pesos por d\u00eda por cada cama ocupada en esos centros extrahospitalarios y temporales.<\/p>\n<p>El intendente que adhiera ser\u00e1 financiado por cada paciente leve de su distrito que sea internado en esas camas. Pero al sumarse al convenio adem\u00e1s abrir\u00e1 la puerta a que ese centro pueda recibir pacientes con s\u00edntomas leves de distritos aleda\u00f1os si se les terminan las camas extra, tambi\u00e9n con financiamiento.<\/p>\n<p>\u201cEs un convenio y el que no quiere no lo firma; nosotros nos ahorramos la plata y ellos se llevan Solidaridad a marzo\u201d, enfatizaron desde el entorno de Kicillof. \u201cNo va a recibir (Guillermo) Montenegro pacientes desde La Matanza, que se quede tranquilo\u201d, ironizaron.<\/p>\n<p>La referencia no es antojadiza: en las \u00faltimas horas el titular del SAME Mar del Plata, Juan Di Matteo, anticip\u00f3 que \u201cel municipio de General Pueyrred\u00f3n no recibir\u00e1 pacientes infectados de otras ciudades\u201d. \u201cQueremos mantener la actual situaci\u00f3n epidemiol\u00f3gica en Mar del Plata\u201d, dijo, desde el enclave comandado por Juntos por el Cambio.<\/p>\n<p>\u201cLa Provincia aclar\u00f3 que el convenio remitido a los municipios no es obligatorio y nosotros hemos decidido que no vamos a firmarlo\u201d, dijo, en sinton\u00eda, el intendente de Tandil, el radical Miguel Lunghi.<\/p>\n<p>Distinta fue la postura de otro intendente de esa coalici\u00f3n, H\u00e9ctor Gray (Bah\u00eda Blanca). \u201cSi llega a haber un desborde, nuestro hospital va a estar a disposici\u00f3n\u201d, dijo.<\/p>\n","protected":false},"excerpt":{"rendered":"<p>Los zigzagueos del coronavirus dibujan contrastes tambi\u00e9n en el posicionamiento de gobernadores e intendentes frente a la posibilidad de albergar a enfermos de otros distritos con colapso sanitario. Ya hay conversaciones entre mandatarios &nbsp; &nbsp; \u201cEn el caso de que haya una saturaci\u00f3n en otras provincias, vamos a ser solidarios\u201d. Esa puerta para recibir pacientes con coronavirus for\u00e1neos fue entreabierta en las \u00faltimas horas por el catamarque\u00f1o Ra\u00fal Jalil desde la \u00fanica provincia sin casos confirmados. En los hechos, blanque\u00f3 as\u00ed la existencia de conversaciones entre gobernadores -las hay tambi\u00e9n&#8230;<\/p>\n","protected":false},"author":3,"featured_media":63288,"comment_status":"closed","ping_status":"closed","sticky":false,"template":"","format":"standard","meta":[],"categories":[9],"tags":[],"_links":{"self":[{"href":"https:\/\/www.actualidadadiario.com\/index.php\/wp-json\/wp\/v2\/posts\/63287"}],"collection":[{"href":"https:\/\/www.actualidadadiario.com\/index.php\/wp-json\/wp\/v2\/posts"}],"about":[{"href":"https:\/\/www.actualidadadiario.com\/index.php\/wp-json\/wp\/v2\/types\/post"}],"author":[{"embeddable":true,"href":"https:\/\/www.actualidadadiario.com\/index.php\/wp-json\/wp\/v2\/users\/3"}],"replies":[{"embeddable":true,"href":"https:\/\/www.actualidadadiario.com\/index.php\/wp-json\/wp\/v2\/comments?post=63287"}],"version-history":[{"count":1,"href":"https:\/\/www.actualidadadiario.com\/index.php\/wp-json\/wp\/v2\/posts\/63287\/revisions"}],"predecessor-version":[{"id":63289,"href":"https:\/\/www.actualidadadiario.com\/index.php\/wp-json\/wp\/v2\/posts\/63287\/revisions\/63289"}],"wp:featuredmedia":[{"embeddable":true,"href":"https:\/\/www.actualidadadiario.com\/index.php\/wp-json\/wp\/v2\/media\/63288"}],"wp:attachment":[{"href":"https:\/\/www.actualidadadiario.com\/index.php\/wp-json\/wp\/v2\/media?parent=63287"}],"wp:term":[{"taxonomy":"category","embeddable":true,"href":"https:\/\/www.actualidadadiario.com\/index.php\/wp-json\/wp\/v2\/categories?post=63287"},{"taxonomy":"post_tag","embeddable":true,"href":"https:\/\/www.actualidadadiario.com\/index.php\/wp-json\/wp\/v2\/tags?post=63287"}],"curies":[{"name":"wp","href":"https:\/\/api.w.org\/{rel}","templated":true}]}}