{"id":63284,"date":"2020-06-24T12:43:16","date_gmt":"2020-06-24T15:43:16","guid":{"rendered":"https:\/\/www.actualidadadiario.com\/?p=63284"},"modified":"2020-06-24T12:43:16","modified_gmt":"2020-06-24T15:43:16","slug":"se-suspenden-todas-las-actividades-autorizadas-y-solamente-quedan-las-esenciales-afirmo-el-intendente-de-santa-ana","status":"publish","type":"post","link":"https:\/\/www.actualidadadiario.com\/index.php\/2020\/06\/24\/se-suspenden-todas-las-actividades-autorizadas-y-solamente-quedan-las-esenciales-afirmo-el-intendente-de-santa-ana\/","title":{"rendered":"\u201cSe suspenden todas las actividades autorizadas y solamente quedan las esenciales\u201d afirm\u00f3 el intendente de Santa Ana"},"content":{"rendered":"<p style=\"text-align: center;\"><em><strong>Este mi\u00e9rcoles se llev\u00f3 a cabo en Santa Ana una conferencia de prensa para dar a conocer el estado de situaci\u00f3n ante la aparici\u00f3n de casos positivos de Covid-19. La misma fue encabezada por el intendente, Rogelio Zanandrea; la directora del hospital Santa Rosa, Fernanda Lalosa y la flamante directora de Salud de Santa Ana, Celeste Farneda<\/strong><\/em><\/p>\n<p>&nbsp;<\/p>\n<p>Para iniciar Rogelio Zanandrea manifest\u00f3, \u201cpodemos decir que a partir de que empezaron aparecer los primeros casos positivos en Santa Ana hemos tomado la decisi\u00f3n de suspender (hasta el domingo que viene donde ya tendremos medidas del gobierno Nacional) algunas de las actividades que estaban autorizadas, dentro de ello lo recreativo, reuniones familiares y actividades n\u00e1uticas que hemos suspendido para evitar la circulaci\u00f3n de gente; tambi\u00e9n en el control de ingreso tratamos de hacerlo un poco m\u00e1s r\u00edgido, en este sentido solo se puede ingresar a la localidad con autorizaciones para circular que las da el municipio, en esto la finalidad es disminuir la circulaci\u00f3n y atender a la gente que lo necesita\u201d.<\/p>\n<p>Por su parte la directora del hospital Fernanda Lalosa expres\u00f3, \u201cla diseminaci\u00f3n empieza por una persona y al haber mucha actividad dentro de la localidad la gente se confi\u00f3 un poco; esta es una localidad chica y por cuestiones de idiosincrasia la gente acostumbra a reunirse y creyendo que el virus no iba a llegar, bueno este virus lleg\u00f3 y ahora lo que tenemos planificado es, al tener 21 casos hoy se ha decidido aumentar el personal del Centro de Salud y habr\u00e1 una nueva Directora de Salud del municipio, Celeste Farneda, adem\u00e1s de personal de enfermer\u00eda\u201d.<\/p>\n<p>A su turno Celeste Farneda manifest\u00f3, \u201cse sigue trabajando con el nodo epidemiol\u00f3gico del hospital para localizar al paciente 0, la idea es darle tranquilidad a la poblaci\u00f3n, estamos en comunicaci\u00f3n con Paran\u00e1 y estamos recibiendo insumos para brindar elementos de protecci\u00f3n, es importante aclarar que en esta zona (en cierto momento del a\u00f1o) hay una alta de patolog\u00eda respiratorias, hasta ahora la mayor cantidad de casos son leves y ahora estamos haciendo un seguimiento y la contenci\u00f3n, armando una red para que las familias que est\u00e9n aisladas puedan tener sus colaboradores para las compras que deban realizar, el Centro de Salud detectar\u00e1 s\u00edntomas y derivar al hospital para hisopar en caso de que haga falta\u201d.<\/p>\n<p>Por \u00faltimo el Intendente Zanandrea inst\u00f3 a la poblaci\u00f3n a seguir cuid\u00e1ndose y cumpliendo con la utilizaci\u00f3n de barbijo\/tapabocas, la distancia social y la pr\u00e1ctica de diversas medidas de bioseguridad.<\/p>\n","protected":false},"excerpt":{"rendered":"<p>Este mi\u00e9rcoles se llev\u00f3 a cabo en Santa Ana una conferencia de prensa para dar a conocer el estado de situaci\u00f3n ante la aparici\u00f3n de casos positivos de Covid-19. La misma fue encabezada por el intendente, Rogelio Zanandrea; la directora del hospital Santa Rosa, Fernanda Lalosa y la flamante directora de Salud de Santa Ana, Celeste Farneda &nbsp; Para iniciar Rogelio Zanandrea manifest\u00f3, \u201cpodemos decir que a partir de que empezaron aparecer los primeros casos positivos en Santa Ana hemos tomado la decisi\u00f3n de suspender (hasta el domingo que viene&#8230;<\/p>\n","protected":false},"author":3,"featured_media":63285,"comment_status":"closed","ping_status":"closed","sticky":false,"template":"","format":"standard","meta":[],"categories":[15],"tags":[],"_links":{"self":[{"href":"https:\/\/www.actualidadadiario.com\/index.php\/wp-json\/wp\/v2\/posts\/63284"}],"collection":[{"href":"https:\/\/www.actualidadadiario.com\/index.php\/wp-json\/wp\/v2\/posts"}],"about":[{"href":"https:\/\/www.actualidadadiario.com\/index.php\/wp-json\/wp\/v2\/types\/post"}],"author":[{"embeddable":true,"href":"https:\/\/www.actualidadadiario.com\/index.php\/wp-json\/wp\/v2\/users\/3"}],"replies":[{"embeddable":true,"href":"https:\/\/www.actualidadadiario.com\/index.php\/wp-json\/wp\/v2\/comments?post=63284"}],"version-history":[{"count":1,"href":"https:\/\/www.actualidadadiario.com\/index.php\/wp-json\/wp\/v2\/posts\/63284\/revisions"}],"predecessor-version":[{"id":63286,"href":"https:\/\/www.actualidadadiario.com\/index.php\/wp-json\/wp\/v2\/posts\/63284\/revisions\/63286"}],"wp:featuredmedia":[{"embeddable":true,"href":"https:\/\/www.actualidadadiario.com\/index.php\/wp-json\/wp\/v2\/media\/63285"}],"wp:attachment":[{"href":"https:\/\/www.actualidadadiario.com\/index.php\/wp-json\/wp\/v2\/media?parent=63284"}],"wp:term":[{"taxonomy":"category","embeddable":true,"href":"https:\/\/www.actualidadadiario.com\/index.php\/wp-json\/wp\/v2\/categories?post=63284"},{"taxonomy":"post_tag","embeddable":true,"href":"https:\/\/www.actualidadadiario.com\/index.php\/wp-json\/wp\/v2\/tags?post=63284"}],"curies":[{"name":"wp","href":"https:\/\/api.w.org\/{rel}","templated":true}]}}