{"id":63281,"date":"2020-06-24T12:42:23","date_gmt":"2020-06-24T15:42:23","guid":{"rendered":"https:\/\/www.actualidadadiario.com\/?p=63281"},"modified":"2020-06-24T12:42:23","modified_gmt":"2020-06-24T15:42:23","slug":"hospital-y-sanatorio-de-entre-rios-pediran-permiso-para-aplicar-el-tratamiento-con-plasma-convaleciente","status":"publish","type":"post","link":"https:\/\/www.actualidadadiario.com\/index.php\/2020\/06\/24\/hospital-y-sanatorio-de-entre-rios-pediran-permiso-para-aplicar-el-tratamiento-con-plasma-convaleciente\/","title":{"rendered":"Hospital y sanatorio de Entre R\u00edos pedir\u00e1n permiso para aplicar el tratamiento con plasma convaleciente"},"content":{"rendered":"<p style=\"text-align: center;\"><em><strong>La terapia de transfusi\u00f3n de plasma convaleciente se basa en que el enfermo reciba los anticuerpos que ya vencieron al virus en otra persona. Este es un tratamiento experimental que algunos m\u00e9dicos est\u00e1n usando para aquellos que tienen una enfermedad del coronavirus 2019 (COVID-19) grave<\/strong><\/em><\/p>\n<p>&nbsp;<\/p>\n<p>El jefe de la Terapia Intensiva del hospital San Mart\u00edn de Paran\u00e1, Guillermo Grieve, indic\u00f3 que es necesario &#8220;formar equipos que est\u00e9n prestos a la atenci\u00f3n de estos pacientes, con insuficiencia respiratoria moderada o insuficiencia respiratoria severa, que son los verdaderamente sintom\u00e1ticos que constituyen m\u00e1s o menos, de un 15% a 20 %&#8221; y habl\u00f3 de la posibilidad de aplicar el tratamiento en la provincia.<\/p>\n<p>En relaci\u00f3n con el avance de la enfermedad en la provincia, Grieve asever\u00f3: &#8220;Ya hab\u00edamos anticipado que el nivel de pacientes con PCR positiva, crecer\u00eda. Va a haber un mayor n\u00famero de pacientes con expresi\u00f3n cl\u00ednica, que es el 20 %, con determinado tipo de gravedad, el 5 %, y que en la medida en que haya m\u00e1s casos, estas posibilidades son mayores&#8221;.<\/p>\n<p>&#8220;Sab\u00edamos tambi\u00e9n que la curva estaba plana y que en alg\u00fan momento iba a empezar a ascender y creo que es el momento. Tambi\u00e9n dijimos que esto se iba a dar en la \u00faltima semana de junio o mediados de julio. Creo que paulatinamente est\u00e1 llegando ese momento. Lo que pretendemos es que, aunque se eleve, sea lo m\u00e1s plana posible. Cuando sea lo m\u00e1s plana posible, va a haber menor n\u00famero de casos&#8221;, resalt\u00f3 el m\u00e9dico.<\/p>\n<p>En este sentido, puso relevancia en que &#8220;dentro de lo que es el tratamiento adecuado, de sost\u00e9n, de oxigenoterapia y eventualmente de administraci\u00f3n de ventilaci\u00f3n no invasiva o invasiva, est\u00e1n los tratamientos espec\u00edficos que son los que tratan de inhibir la replicaci\u00f3n viral, esquemas de determinados antibi\u00f3ticos y antivirales, que no han dado la efectividad esperada en el mundo\u201d y asegur\u00f3, respecto del tratamiento que quieren probar: \u201cUno tiene que ir buscando las terapias que han dado mayor respuesta. Si bien todav\u00eda est\u00e1n en etapa de investigaci\u00f3n, la administraci\u00f3n de plasma de convalecientes, ha sido uno de los \u00fanicos tratamientos que ha presentado resultados m\u00e1s alentadores&#8221;.<\/p>\n<p>&#8220;Somos altamente creyentes de este tipo de tratamientos, por lo que m\u00e1s o menos hace un mes hemos tomado contacto con un equipo de trabajo de investigaci\u00f3n que es el Cemic de Buenos Aires, que tiene aprobado su protocolo y tiene m\u00e1s de 300 pacientes tratados, hasta ahora con excelente resultados. Nos hemos dedicado a formar equipos, tanto en el Hospital San Mart\u00edn como en el sanatorio La Entrerriana para la administraci\u00f3n de esta modalidad, para llevar adelante grupos de trabajo, dentro del protocolo de investigaci\u00f3n, que a su vez, tiene que estar autorizado por el Ministerio de \u00c9tica, reuniones que estamos hacend\u00f3 estas semanas&#8221;.<\/p>\n<p>Para el profesional &#8220;a principios de julio y mediados de ese mes, van a ser necesarios&#8221;, en Entre R\u00edos, estos tratamientos.<\/p>\n<p>&nbsp;<\/p>\n<p><strong>Modalidad<\/strong><\/p>\n<p>El protocolo, seg\u00fan indic\u00f3 Grieve, se lleva delante de dos maneras: &#8220;Uno es utilizar el mismo plasma que tiene el grupo de trabajo, es decir traer\u00edamos plasma para el hospital como para el sanatorio. Ese plasma est\u00e1 resguardado, congelado, pertenece a unos 400 pacientes. La otra forma es realizar la hemodonaci\u00f3n, que es identificar pacientes, hacerles firmar una autorizaci\u00f3n para poder realizar la extracci\u00f3n de la parte del plasma que tiene los anticuerpos, que tienen que haber pasado los 21 d\u00edas que tienen m\u00e1s de dos PCR negativos. Estos pacientes ser\u00edan los que tienen estos anticuerpos que se denominan neutralizantes que es el verdadero tratamiento para atacar el virus que se encuentra activo invadiendo a la persona. Esto se da, no al principio, sino del d\u00eda 14 al 21\u201d, y agreg\u00f3: \u201cEste plasma se administra en pacientes con insuficiencia respiratoria moderada o severa&#8221;.<\/p>\n<p>Insisti\u00f3 con que, a su juicio, &#8220;habr\u00e1 una necesidad en nuestros pacientes entrerrianos a partir julio, agosto y septiembre para lo cual nosotros necesitamos tener preparado nuestro grupo de investigaci\u00f3n. Tendremos reuniones con la Ministra de Salud para que el Comit\u00e9 de \u00c9tica nos autorice&#8221; a aplicar este tratamiento en la provincia.<\/p>\n","protected":false},"excerpt":{"rendered":"<p>La terapia de transfusi\u00f3n de plasma convaleciente se basa en que el enfermo reciba los anticuerpos que ya vencieron al virus en otra persona. Este es un tratamiento experimental que algunos m\u00e9dicos est\u00e1n usando para aquellos que tienen una enfermedad del coronavirus 2019 (COVID-19) grave &nbsp; El jefe de la Terapia Intensiva del hospital San Mart\u00edn de Paran\u00e1, Guillermo Grieve, indic\u00f3 que es necesario &#8220;formar equipos que est\u00e9n prestos a la atenci\u00f3n de estos pacientes, con insuficiencia respiratoria moderada o insuficiencia respiratoria severa, que son los verdaderamente sintom\u00e1ticos que constituyen&#8230;<\/p>\n","protected":false},"author":3,"featured_media":63282,"comment_status":"closed","ping_status":"closed","sticky":false,"template":"","format":"standard","meta":[],"categories":[15],"tags":[],"_links":{"self":[{"href":"https:\/\/www.actualidadadiario.com\/index.php\/wp-json\/wp\/v2\/posts\/63281"}],"collection":[{"href":"https:\/\/www.actualidadadiario.com\/index.php\/wp-json\/wp\/v2\/posts"}],"about":[{"href":"https:\/\/www.actualidadadiario.com\/index.php\/wp-json\/wp\/v2\/types\/post"}],"author":[{"embeddable":true,"href":"https:\/\/www.actualidadadiario.com\/index.php\/wp-json\/wp\/v2\/users\/3"}],"replies":[{"embeddable":true,"href":"https:\/\/www.actualidadadiario.com\/index.php\/wp-json\/wp\/v2\/comments?post=63281"}],"version-history":[{"count":1,"href":"https:\/\/www.actualidadadiario.com\/index.php\/wp-json\/wp\/v2\/posts\/63281\/revisions"}],"predecessor-version":[{"id":63283,"href":"https:\/\/www.actualidadadiario.com\/index.php\/wp-json\/wp\/v2\/posts\/63281\/revisions\/63283"}],"wp:featuredmedia":[{"embeddable":true,"href":"https:\/\/www.actualidadadiario.com\/index.php\/wp-json\/wp\/v2\/media\/63282"}],"wp:attachment":[{"href":"https:\/\/www.actualidadadiario.com\/index.php\/wp-json\/wp\/v2\/media?parent=63281"}],"wp:term":[{"taxonomy":"category","embeddable":true,"href":"https:\/\/www.actualidadadiario.com\/index.php\/wp-json\/wp\/v2\/categories?post=63281"},{"taxonomy":"post_tag","embeddable":true,"href":"https:\/\/www.actualidadadiario.com\/index.php\/wp-json\/wp\/v2\/tags?post=63281"}],"curies":[{"name":"wp","href":"https:\/\/api.w.org\/{rel}","templated":true}]}}