{"id":63278,"date":"2020-06-24T12:41:32","date_gmt":"2020-06-24T15:41:32","guid":{"rendered":"https:\/\/www.actualidadadiario.com\/?p=63278"},"modified":"2020-06-24T12:41:32","modified_gmt":"2020-06-24T15:41:32","slug":"urribarri-inicio-su-actividad-diplomatica-en-israel-con-eje-en-fortalecer-la-relacion-bilateral","status":"publish","type":"post","link":"https:\/\/www.actualidadadiario.com\/index.php\/2020\/06\/24\/urribarri-inicio-su-actividad-diplomatica-en-israel-con-eje-en-fortalecer-la-relacion-bilateral\/","title":{"rendered":"Urribarri inici\u00f3 su actividad diplom\u00e1tica en Israel, con eje en fortalecer la relaci\u00f3n bilateral"},"content":{"rendered":"<p style=\"text-align: center;\"><em><strong>El embajador argentino en Israel, Sergio Urribarri, inici\u00f3 esta semana su agenda diplom\u00e1tica en ese pa\u00eds, con reuniones en el Ministerio de Relaciones Exteriores israel\u00ed, como paso previo al encuentro previsto para el 8 de julio con el presidente, Reuven Rivlin, ante quien presentar\u00e1 sus cartas credenciales<\/strong><\/em><\/p>\n<p>&nbsp;<\/p>\n<p>&nbsp;<\/p>\n<p>Concluida la etapa de aislamiento tras su llegada a Tel Aviv, el ex gobernador de Entre R\u00edos (2007-2015) y actual embajador fue recibido este martes por Modi Ephraim -director de Am\u00e9rica Latina y el Caribe de la Canciller\u00eda israel\u00ed-, en un encuentro en el que repasaron distintos aspectos de la agenda bilateral y expresaron el &#8220;compromiso de fortalecer&#8221; los v\u00ednculos entre ambas naciones, inform\u00f3 el Palacio San Mart\u00edn.<\/p>\n<p>Los funcionarios coincidieron adem\u00e1s en la necesidad de dar contenido a los acuerdos existentes entre ambos pa\u00edses para promover la cooperaci\u00f3n t\u00e9cnica y el desarrollo de empresas con base tecnol\u00f3gica, entre otros temas, se\u00f1al\u00f3 la cartera que encabeza el canciller Felipe Sol\u00e1, en un comunicado.<\/p>\n<p>&#8220;Dialogamos sobre la posibilidad de avanzar en la transferencia de tecnolog\u00eda relacionada con varios campos, entre ellos la agricultura. Tambi\u00e9n l\u00f3gicamente hablamos del manejo de la crisis sanitaria en ambos pa\u00edses y Ephraim destac\u00f3 los resultados positivos de las medidas implementadas en Argentina&#8221;, coment\u00f3 Urribarri sobre el encuentro.<\/p>\n<p>Los funcionarios conversaron, adem\u00e1s, acerca de la disposici\u00f3n para compartir diversas estrategias, entre ellas las relacionadas con la atenci\u00f3n de los adultos mayores.<\/p>\n<p>Ephraim valor\u00f3 la importancia de la visita del presidente Alberto Fern\u00e1ndez a Israel en enero y la adopci\u00f3n por parte de nuestro pa\u00eds, mediante una resoluci\u00f3n del canciller Felipe Sol\u00e1, de la definici\u00f3n de antisemitismo de la Alianza Internacional para el Recuerdo del Holocausto (IHRA, por su nombre en ingl\u00e9s), decisi\u00f3n a la que est\u00e1n adhiriendo gobiernos provinciales y municipales&#8221;, detall\u00f3 el embajador.<\/p>\n<p>El embajador argentino fue recibido tambi\u00e9n por el jefe de Protocolo de la Canciller\u00eda israel\u00ed, Reuben Meron, con quien convers\u00f3 sobre los aspectos formales de la ceremonia de presentaci\u00f3n de las cartas credenciales firmadas por el presidente Alberto Fern\u00e1ndez que acreditan a Urribarri como Embajador Extraordinario y Plenipotenciario de la Rep\u00fablica Argentina ante el Estado de Israel.<\/p>\n<p>Urribarri presentar\u00e1 sus cartas credenciales ante el presidente de ese pa\u00eds, Reuven Rivlin, en un encuentro que tendr\u00e1 lugar el mi\u00e9rcoles 8 de julio.<\/p>\n<p>En el encuentro con Meron, que fue la primera reuni\u00f3n oficial presencial que mantuvo Urribarri desde su llegada al pa\u00eds, luego de cumplir con 14 d\u00edas de cuarentena, ambos reiteraron la intenci\u00f3n de avanzar en el fortalecimiento de las relaciones bilaterales y el embajador argentino le hizo entrega al funcionario israel\u00ed de la copia de las cartas credenciales, se\u00f1ala el comunicado.<\/p>\n","protected":false},"excerpt":{"rendered":"<p>El embajador argentino en Israel, Sergio Urribarri, inici\u00f3 esta semana su agenda diplom\u00e1tica en ese pa\u00eds, con reuniones en el Ministerio de Relaciones Exteriores israel\u00ed, como paso previo al encuentro previsto para el 8 de julio con el presidente, Reuven Rivlin, ante quien presentar\u00e1 sus cartas credenciales &nbsp; &nbsp; Concluida la etapa de aislamiento tras su llegada a Tel Aviv, el ex gobernador de Entre R\u00edos (2007-2015) y actual embajador fue recibido este martes por Modi Ephraim -director de Am\u00e9rica Latina y el Caribe de la Canciller\u00eda israel\u00ed-, en un&#8230;<\/p>\n","protected":false},"author":3,"featured_media":63279,"comment_status":"closed","ping_status":"closed","sticky":false,"template":"","format":"standard","meta":[],"categories":[15],"tags":[],"_links":{"self":[{"href":"https:\/\/www.actualidadadiario.com\/index.php\/wp-json\/wp\/v2\/posts\/63278"}],"collection":[{"href":"https:\/\/www.actualidadadiario.com\/index.php\/wp-json\/wp\/v2\/posts"}],"about":[{"href":"https:\/\/www.actualidadadiario.com\/index.php\/wp-json\/wp\/v2\/types\/post"}],"author":[{"embeddable":true,"href":"https:\/\/www.actualidadadiario.com\/index.php\/wp-json\/wp\/v2\/users\/3"}],"replies":[{"embeddable":true,"href":"https:\/\/www.actualidadadiario.com\/index.php\/wp-json\/wp\/v2\/comments?post=63278"}],"version-history":[{"count":1,"href":"https:\/\/www.actualidadadiario.com\/index.php\/wp-json\/wp\/v2\/posts\/63278\/revisions"}],"predecessor-version":[{"id":63280,"href":"https:\/\/www.actualidadadiario.com\/index.php\/wp-json\/wp\/v2\/posts\/63278\/revisions\/63280"}],"wp:featuredmedia":[{"embeddable":true,"href":"https:\/\/www.actualidadadiario.com\/index.php\/wp-json\/wp\/v2\/media\/63279"}],"wp:attachment":[{"href":"https:\/\/www.actualidadadiario.com\/index.php\/wp-json\/wp\/v2\/media?parent=63278"}],"wp:term":[{"taxonomy":"category","embeddable":true,"href":"https:\/\/www.actualidadadiario.com\/index.php\/wp-json\/wp\/v2\/categories?post=63278"},{"taxonomy":"post_tag","embeddable":true,"href":"https:\/\/www.actualidadadiario.com\/index.php\/wp-json\/wp\/v2\/tags?post=63278"}],"curies":[{"name":"wp","href":"https:\/\/api.w.org\/{rel}","templated":true}]}}