{"id":63274,"date":"2020-06-24T12:39:45","date_gmt":"2020-06-24T15:39:45","guid":{"rendered":"https:\/\/www.actualidadadiario.com\/?p=63274"},"modified":"2020-06-24T12:39:45","modified_gmt":"2020-06-24T15:39:45","slug":"primer-trimestre-la-desocupacion-alcanzo-el-64-en-el-gran-parana-y-el-105-en-concordia","status":"publish","type":"post","link":"https:\/\/www.actualidadadiario.com\/index.php\/2020\/06\/24\/primer-trimestre-la-desocupacion-alcanzo-el-64-en-el-gran-parana-y-el-105-en-concordia\/","title":{"rendered":"Primer trimestre: La desocupaci\u00f3n alcanz\u00f3 el 6,4% en el Gran Paran\u00e1 y el 10,5% en Concordia"},"content":{"rendered":"<p style=\"text-align: center;\"><em><strong>El Instituto Nacional de Estad\u00edstica y Censos (Indec) revel\u00f3 este martes que la desocupaci\u00f3n en Argentina aument\u00f3 al 10,4 por ciento durante el primer trimestre del a\u00f1o. En lo que respecta al Gran Paran\u00e1 el \u00edndice de desempleo subi\u00f3 al 6,4 por ciento, mientras que en Concordia se mantuvo en 10,5 puntos porcentuales en comparaci\u00f3n con el mismo per\u00edodo del a\u00f1o anterior<\/strong><\/em><\/p>\n<p>&nbsp;<\/p>\n<p>&nbsp;<\/p>\n<p>Seg\u00fan el informe dado a conocer hoy por el Indec, en el conglomerado del Gran Paran\u00e1 la desocupaci\u00f3n alcanz\u00f3 el 6,4 por ciento, 0,8 puntos m\u00e1s que en id\u00e9ntico per\u00edodo de 2019 cuando registr\u00f3 un nivel de desocupaci\u00f3n del 5,6 por ciento.<\/p>\n<p>En tanto, el \u00edndice de ocupados demandantes de trabajo baj\u00f3 del 11,9 por ciento registrado el a\u00f1o pasado al 9,2 por ciento. La subocupaci\u00f3n baj\u00f3 del el 10,4 por ciento al 7,7 por ciento.<\/p>\n<p>En el caso de Concordia, el otro conglomerado medido por el Indec, la desocupaci\u00f3n se mantuvo en los 10,5 puntos porcentuales si se lo compara con el mismo trimestre de 2019, mientras que los ocupados demandantes de trabajo subieron de 17 a 19,7 puntos porcentuales. La subocupaci\u00f3n trep\u00f3 del 15,1 por ciento al 17,4 por ciento.<\/p>\n","protected":false},"excerpt":{"rendered":"<p>El Instituto Nacional de Estad\u00edstica y Censos (Indec) revel\u00f3 este martes que la desocupaci\u00f3n en Argentina aument\u00f3 al 10,4 por ciento durante el primer trimestre del a\u00f1o. En lo que respecta al Gran Paran\u00e1 el \u00edndice de desempleo subi\u00f3 al 6,4 por ciento, mientras que en Concordia se mantuvo en 10,5 puntos porcentuales en comparaci\u00f3n con el mismo per\u00edodo del a\u00f1o anterior &nbsp; &nbsp; Seg\u00fan el informe dado a conocer hoy por el Indec, en el conglomerado del Gran Paran\u00e1 la desocupaci\u00f3n alcanz\u00f3 el 6,4 por ciento, 0,8 puntos m\u00e1s&#8230;<\/p>\n","protected":false},"author":3,"featured_media":44237,"comment_status":"closed","ping_status":"closed","sticky":false,"template":"","format":"standard","meta":[],"categories":[15],"tags":[],"_links":{"self":[{"href":"https:\/\/www.actualidadadiario.com\/index.php\/wp-json\/wp\/v2\/posts\/63274"}],"collection":[{"href":"https:\/\/www.actualidadadiario.com\/index.php\/wp-json\/wp\/v2\/posts"}],"about":[{"href":"https:\/\/www.actualidadadiario.com\/index.php\/wp-json\/wp\/v2\/types\/post"}],"author":[{"embeddable":true,"href":"https:\/\/www.actualidadadiario.com\/index.php\/wp-json\/wp\/v2\/users\/3"}],"replies":[{"embeddable":true,"href":"https:\/\/www.actualidadadiario.com\/index.php\/wp-json\/wp\/v2\/comments?post=63274"}],"version-history":[{"count":1,"href":"https:\/\/www.actualidadadiario.com\/index.php\/wp-json\/wp\/v2\/posts\/63274\/revisions"}],"predecessor-version":[{"id":63275,"href":"https:\/\/www.actualidadadiario.com\/index.php\/wp-json\/wp\/v2\/posts\/63274\/revisions\/63275"}],"wp:featuredmedia":[{"embeddable":true,"href":"https:\/\/www.actualidadadiario.com\/index.php\/wp-json\/wp\/v2\/media\/44237"}],"wp:attachment":[{"href":"https:\/\/www.actualidadadiario.com\/index.php\/wp-json\/wp\/v2\/media?parent=63274"}],"wp:term":[{"taxonomy":"category","embeddable":true,"href":"https:\/\/www.actualidadadiario.com\/index.php\/wp-json\/wp\/v2\/categories?post=63274"},{"taxonomy":"post_tag","embeddable":true,"href":"https:\/\/www.actualidadadiario.com\/index.php\/wp-json\/wp\/v2\/tags?post=63274"}],"curies":[{"name":"wp","href":"https:\/\/api.w.org\/{rel}","templated":true}]}}