{"id":63267,"date":"2020-06-24T12:37:25","date_gmt":"2020-06-24T15:37:25","guid":{"rendered":"https:\/\/www.actualidadadiario.com\/?p=63267"},"modified":"2020-06-24T12:37:36","modified_gmt":"2020-06-24T15:37:36","slug":"este-miercoles-se-registraron-20-nuevos-casos-de-coronavirus-en-entre-rios","status":"publish","type":"post","link":"https:\/\/www.actualidadadiario.com\/index.php\/2020\/06\/24\/este-miercoles-se-registraron-20-nuevos-casos-de-coronavirus-en-entre-rios\/","title":{"rendered":"Este mi\u00e9rcoles se registraron 20 nuevos casos de coronavirus en Entre R\u00edos"},"content":{"rendered":"<p style=\"text-align: center;\"><em><strong>El \u00e1rea de Vigilancia Epidemiol\u00f3gica del Ministerio de Salud, confirm\u00f3 que en Entre R\u00edos se registraron 20 nuevos casos de coronavirus<\/strong><\/em><\/p>\n<p>&nbsp;<\/p>\n<p>&nbsp;<\/p>\n<p>Los 11 primeros corresponden a la ciudad de Paran\u00e1, son contactos estrechos de pacientes con Covid-19 positivo.<\/p>\n<p>Otros siete fueron detectados en la localidad de Santa Ana, departamento Federaci\u00f3n, trat\u00e1ndose de personas relacionadas con casos ya confirmados.<\/p>\n<p>Los \u00faltimos dos, corresponden al departamento Islas y tienen vinculaci\u00f3n con pacientes confirmados de coronavirus.<\/p>\n<p>Todos presentan sintomatolog\u00eda respiratoria leve cumpliendo con el aislamiento correspondiente.<\/p>\n<p>De ese modo, en la provincia son 198 los casos confirmados.<\/p>\n","protected":false},"excerpt":{"rendered":"<p>El \u00e1rea de Vigilancia Epidemiol\u00f3gica del Ministerio de Salud, confirm\u00f3 que en Entre R\u00edos se registraron 20 nuevos casos de coronavirus &nbsp; &nbsp; Los 11 primeros corresponden a la ciudad de Paran\u00e1, son contactos estrechos de pacientes con Covid-19 positivo. Otros siete fueron detectados en la localidad de Santa Ana, departamento Federaci\u00f3n, trat\u00e1ndose de personas relacionadas con casos ya confirmados. Los \u00faltimos dos, corresponden al departamento Islas y tienen vinculaci\u00f3n con pacientes confirmados de coronavirus. Todos presentan sintomatolog\u00eda respiratoria leve cumpliendo con el aislamiento correspondiente. De ese modo, en la&#8230;<\/p>\n","protected":false},"author":3,"featured_media":63268,"comment_status":"closed","ping_status":"closed","sticky":false,"template":"","format":"standard","meta":[],"categories":[9],"tags":[],"_links":{"self":[{"href":"https:\/\/www.actualidadadiario.com\/index.php\/wp-json\/wp\/v2\/posts\/63267"}],"collection":[{"href":"https:\/\/www.actualidadadiario.com\/index.php\/wp-json\/wp\/v2\/posts"}],"about":[{"href":"https:\/\/www.actualidadadiario.com\/index.php\/wp-json\/wp\/v2\/types\/post"}],"author":[{"embeddable":true,"href":"https:\/\/www.actualidadadiario.com\/index.php\/wp-json\/wp\/v2\/users\/3"}],"replies":[{"embeddable":true,"href":"https:\/\/www.actualidadadiario.com\/index.php\/wp-json\/wp\/v2\/comments?post=63267"}],"version-history":[{"count":2,"href":"https:\/\/www.actualidadadiario.com\/index.php\/wp-json\/wp\/v2\/posts\/63267\/revisions"}],"predecessor-version":[{"id":63270,"href":"https:\/\/www.actualidadadiario.com\/index.php\/wp-json\/wp\/v2\/posts\/63267\/revisions\/63270"}],"wp:featuredmedia":[{"embeddable":true,"href":"https:\/\/www.actualidadadiario.com\/index.php\/wp-json\/wp\/v2\/media\/63268"}],"wp:attachment":[{"href":"https:\/\/www.actualidadadiario.com\/index.php\/wp-json\/wp\/v2\/media?parent=63267"}],"wp:term":[{"taxonomy":"category","embeddable":true,"href":"https:\/\/www.actualidadadiario.com\/index.php\/wp-json\/wp\/v2\/categories?post=63267"},{"taxonomy":"post_tag","embeddable":true,"href":"https:\/\/www.actualidadadiario.com\/index.php\/wp-json\/wp\/v2\/tags?post=63267"}],"curies":[{"name":"wp","href":"https:\/\/api.w.org\/{rel}","templated":true}]}}