{"id":63265,"date":"2020-06-24T12:36:41","date_gmt":"2020-06-24T15:36:41","guid":{"rendered":"https:\/\/www.actualidadadiario.com\/?p=63265"},"modified":"2020-06-24T12:36:41","modified_gmt":"2020-06-24T15:36:41","slug":"iosper-piden-a-afiliados-que-realicen-con-anticipacion-la-solicitud-de-medicamentos","status":"publish","type":"post","link":"https:\/\/www.actualidadadiario.com\/index.php\/2020\/06\/24\/iosper-piden-a-afiliados-que-realicen-con-anticipacion-la-solicitud-de-medicamentos\/","title":{"rendered":"Iosper: Piden a afiliados que realicen con anticipaci\u00f3n la solicitud de medicamentos"},"content":{"rendered":"<p style=\"text-align: center;\"><em><strong>En el marco del crecimiento de casos de COV-SARS-2 en Entre R\u00edos, el Instituto de Obra Social de la Provincia de Entre R\u00edos (Iosper) pidi\u00f3 a sus afiliados que realicen con anticipaci\u00f3n la solicitud de medicamentos, para garantizar su entrega y cumplir con los plazos previstos<\/strong><\/em><\/p>\n<p>&nbsp;<\/p>\n<p>&nbsp;<\/p>\n<p>La gerenta Prestacional del Iosper, Valeria Kunzi, explic\u00f3 que la solicitud a los afiliados se realiza en el marco de la emergencia sanitaria establecida por el Decreto de necesidad y urgencia (DNU) del Poder Ejecutivo Nacional (PEN) 260\/20 que, en su art\u00edculo 20 determina que la autoridad sanitaria podr\u00e1 dictar las normas que considere necesarias para hacer cumplir la citada norma, modificando plazos y excepciones para mitigar el impacto que produce la pandemia de Covid-19. \u201cPor eso es necesario realizar modificaciones en prescripci\u00f3n y dispensa de medicamentos para la atenci\u00f3n de patolog\u00edas cr\u00f3nicas mientras dure la emergencia sanitaria declarada por la Ley 27541\u201d, dijo la doctora.<\/p>\n<p>&nbsp;<\/p>\n<p><strong>C\u00f3mo se hace<\/strong><\/p>\n<p>El afiliado deber\u00e1 informar al m\u00e9dico cu\u00e1l es la farmacia de preferencia cercana a su domicilio, consignando nombre del farmac\u00e9utico, n\u00famero de tel\u00e9fono, whatsapp, mail o fax.<\/p>\n<p>En tanto, el m\u00e9dico debe confeccionar la prescripci\u00f3n del medicamento de venta bajo receta en un recetario en papel original y duplicado, en caso de que sean psicof\u00e1rmacos. El recetario debe contar con el nombre y apellido del m\u00e9dico, matricula, domicilio del consultorio o establecimiento y tel\u00e9fono. El profesional deber\u00e1 tomar una foto de la receta y enviarla por whatsapp, mail o fax, al afiliado y a la farmacia; informar al afiliado y constatar la recepci\u00f3n.<\/p>\n<p>El m\u00e9dico debe tambi\u00e9n registrar en un \u201cLibro prescriptor bajo Covid-19\u201d, abierto y foliado, los siguientes datos: nombre y direcci\u00f3n de la farmacia, nombre del farmac\u00e9utico, n\u00famero de tel\u00e9fono o whatsapp, mail o fax, datos de la medicaci\u00f3n, precisando adem\u00e1s que emiti\u00f3 receta original, con duplicado si fuese psicof\u00e1rmaco, con el nombre, apellido y DNI del paciente. Adem\u00e1s, debe archivar junto al libro, los originales de la receta y resguardar el contacto mantenido con el afiliado. Posteriormente, el afiliado debe remitir por alguno de los medios consignados la prescripci\u00f3n a Iosper.<\/p>\n<p>En tanto, la farmacia le informar\u00e1 si los medicamentos est\u00e1n disponibles para la entrega y cu\u00e1ndo podr\u00e1 retirarlos.<\/p>\n<p>En todos los casos de los medicamentos prescriptos bajo la modalidad de receta archivada, la farmacia debe guardar copia de la prescripci\u00f3n enviada por el profesional y por el afiliado, y asentarlo en el Libro Recetarios.<\/p>\n<p>Todas las prescripciones bajo receta de esta modalidad se deben guardar para futuras fiscalizaciones.<\/p>\n<p>&nbsp;<\/p>\n<p><strong>N\u00fameros de contacto<\/strong><\/p>\n<p>Los afiliados pueden enviar whatsapps a los n\u00fameros 3444-436020 para tramitar medicamentos oncol\u00f3gicos; o al 343-4719789 para planes especiales. Si env\u00edan un correo electr\u00f3nico, las direcciones donde debe escribir son: prescripcion.oncologicos@iosper.gov.ar y prescripcion.cronicos@iosper.gov.ar .<\/p>\n","protected":false},"excerpt":{"rendered":"<p>En el marco del crecimiento de casos de COV-SARS-2 en Entre R\u00edos, el Instituto de Obra Social de la Provincia de Entre R\u00edos (Iosper) pidi\u00f3 a sus afiliados que realicen con anticipaci\u00f3n la solicitud de medicamentos, para garantizar su entrega y cumplir con los plazos previstos &nbsp; &nbsp; La gerenta Prestacional del Iosper, Valeria Kunzi, explic\u00f3 que la solicitud a los afiliados se realiza en el marco de la emergencia sanitaria establecida por el Decreto de necesidad y urgencia (DNU) del Poder Ejecutivo Nacional (PEN) 260\/20 que, en su art\u00edculo&#8230;<\/p>\n","protected":false},"author":3,"featured_media":48799,"comment_status":"closed","ping_status":"closed","sticky":false,"template":"","format":"standard","meta":[],"categories":[9],"tags":[],"_links":{"self":[{"href":"https:\/\/www.actualidadadiario.com\/index.php\/wp-json\/wp\/v2\/posts\/63265"}],"collection":[{"href":"https:\/\/www.actualidadadiario.com\/index.php\/wp-json\/wp\/v2\/posts"}],"about":[{"href":"https:\/\/www.actualidadadiario.com\/index.php\/wp-json\/wp\/v2\/types\/post"}],"author":[{"embeddable":true,"href":"https:\/\/www.actualidadadiario.com\/index.php\/wp-json\/wp\/v2\/users\/3"}],"replies":[{"embeddable":true,"href":"https:\/\/www.actualidadadiario.com\/index.php\/wp-json\/wp\/v2\/comments?post=63265"}],"version-history":[{"count":1,"href":"https:\/\/www.actualidadadiario.com\/index.php\/wp-json\/wp\/v2\/posts\/63265\/revisions"}],"predecessor-version":[{"id":63266,"href":"https:\/\/www.actualidadadiario.com\/index.php\/wp-json\/wp\/v2\/posts\/63265\/revisions\/63266"}],"wp:featuredmedia":[{"embeddable":true,"href":"https:\/\/www.actualidadadiario.com\/index.php\/wp-json\/wp\/v2\/media\/48799"}],"wp:attachment":[{"href":"https:\/\/www.actualidadadiario.com\/index.php\/wp-json\/wp\/v2\/media?parent=63265"}],"wp:term":[{"taxonomy":"category","embeddable":true,"href":"https:\/\/www.actualidadadiario.com\/index.php\/wp-json\/wp\/v2\/categories?post=63265"},{"taxonomy":"post_tag","embeddable":true,"href":"https:\/\/www.actualidadadiario.com\/index.php\/wp-json\/wp\/v2\/tags?post=63265"}],"curies":[{"name":"wp","href":"https:\/\/api.w.org\/{rel}","templated":true}]}}