{"id":63261,"date":"2020-06-23T12:56:43","date_gmt":"2020-06-23T15:56:43","guid":{"rendered":"https:\/\/www.actualidadadiario.com\/?p=63261"},"modified":"2020-06-23T12:56:43","modified_gmt":"2020-06-23T15:56:43","slug":"ascienden-a-1-043-los-fallecidos-y-a-44-931-los-contagiados-desde-el-inicio-de-la-pandemia-en-argentina","status":"publish","type":"post","link":"https:\/\/www.actualidadadiario.com\/index.php\/2020\/06\/23\/ascienden-a-1-043-los-fallecidos-y-a-44-931-los-contagiados-desde-el-inicio-de-la-pandemia-en-argentina\/","title":{"rendered":"Ascienden a 1.043 los fallecidos y a 44.931 los contagiados desde el inicio de la pandemia en Argentina"},"content":{"rendered":"<p style=\"text-align: center;\"><em><strong>Treinta y dos personas murieron y 2.146 fueron diagnosticadas con coronavirus en las \u00faltimas 24 horas en el pa\u00eds, inform\u00f3 este lunes por la noche el Ministerio de Salud de la Naci\u00f3n<\/strong><\/em><\/p>\n<p>&nbsp;<\/p>\n<p>&nbsp;<\/p>\n<p>Treinta y dos personas murieron y 2.146 fueron diagnosticadas con coronavirus en las \u00faltimas 24 horas en la Argentina -la cifra m\u00e1s alta de positivos en una jornada-, con lo que ascienden a 1.043 los fallecidos y a 44.931 los contagiados desde el inicio de la pandemia, inform\u00f3 hoy el Ministerio de Salud de la Naci\u00f3n.<\/p>\n<p>El 96% de los nuevos casos -2.061- corresponde a la provincia de Buenos Aires y a la Ciudad de Buenos Aires.<\/p>\n<p>La cartera sanitaria inform\u00f3, en su reporte vespertino, que se registraron 27 muertes, 16 hombres, cuatro residentes en la provincia de Buenos Aires de 73, 62, 63 y 54; 9 residentes en la Ciudad de Buenos Aires de 68, 82, 60, 94, 90, 81, 59, 51 y 62 a\u00f1os; dos residentes en la provincia de R\u00edo Negro de 61 y 69 a\u00f1os; y uno de 69 a\u00f1os, residente en la provincia de Neuqu\u00e9n.<\/p>\n<p>Adem\u00e1s fallecieron 11 mujeres, dos residentes en la provincia de Buenos Aires de 68 y 96 a\u00f1os; 7 residentes en la Ciudad de Buenos Aires de 73, 75, 53, 91, 92, 91 y 96 a\u00f1os; una de 79 a\u00f1os, residente en la provincia de Chaco; y una de 86 a\u00f1os, residente en la provincia de R\u00edo Negro.<\/p>\n<p>El parte matutino consign\u00f3 que murieron 4 hombres, 2 residentes en la provincia de Buenos Aires de 88 y 76 a\u00f1os; uno de 66 a\u00f1os, residente en la Ciudad de Buenos Aires (CABA); uno de 76 a\u00f1os, residente en la provincia de R\u00edo Negro; y una mujer, de 84 a\u00f1os, residente en la Ciudad de Buenos Aires.<\/p>\n<p>Del total de los diagnosticados, 1.050 (2,3%) son importados, 16.924 (37,7%) son contactos estrechos de casos confirmados, 18.537 (41,3%) son casos de circulaci\u00f3n comunitaria y el resto se encuentra en investigaci\u00f3n epidemiol\u00f3gica.<\/p>\n<p>De los diagnosticados hoy con Covid-19, se registraron en la provincia de Buenos Aires 1.037 casos, en la Ciudad de Buenos Aires 1.024, en Chaco 20, en Chubut 5, en C\u00f3rdoba 11, en Corrientes 1, Entre R\u00edos 16, en Jujuy 2, en Mendoza 3, en Neuqu\u00e9n 11, en R\u00edo Negro 8, en Salta 1, en San Juan 1, en Santa Fe 5 y en Tucum\u00e1n 1.<\/p>\n<p>En tanto, no se notificaron infectados en Formosa, La Pampa, La Rioja, Misiones, San Luis, Santa Cruz, Santiago del Estero y Tierra del Fuego.<\/p>\n<p>Catamarca, por su parte, contin\u00faa sin registrar contagiados con coronavirus.<\/p>\n<p>El n\u00famero total de acumulados por jurisdicci\u00f3n indica que la provincia de Buenos Aires suma 20.366 casos, la Ciudad de Buenos Aires 20.031, Chaco 1.602, Chubut 99, C\u00f3rdoba 576, Corrientes 116, Entre R\u00edos 160, Formosa 39, Jujuy 15 y La Pampa 6.<\/p>\n<p>La Rioja alcanza 64 casos, Mendoza 135, Misiones 38, Neuqu\u00e9n 323, R\u00edo Negro 699, Salta 22, San Juan 8, San Luis 11, Santa Cruz 51, Santa Fe 340, Santiago del Estero 22, Tierra del Fuego 149, y Tucum\u00e1n 59.<\/p>\n<p>Adem\u00e1s, se incluyen, en Tierra del Fuego, 13 casos existentes en las Islas Malvinas, seg\u00fan informaci\u00f3n de prensa debido a que por la ocupaci\u00f3n ilegal del Reino Unido, Gran Breta\u00f1a e Irlanda del Norte no es posible contar con informaci\u00f3n propia sobre el impacto del Covid-19 en esa parte del territorio argentino.<\/p>\n<p>Esta ma\u00f1ana la secretar\u00eda de Acceso a la Salud, Carla Vizzotti, evalu\u00f3 que &#8220;es una posibilidad&#8221; que se vuelva a fase 1 del aislamiento social, preventivo y obligatorio, pero indic\u00f3 que no ser\u00eda volver &#8220;eternamente&#8221; sino &#8220;para detener la circulaci\u00f3n del virus&#8221; y &#8220;volver a organizarnos&#8221;.<\/p>\n<p>En tanto, localidades de las provincias de Santa Fe, C\u00f3rdoba, Corrientes, Entre R\u00edos, Mendoza, Chubut, Neuqu\u00e9n y Jujuy, adem\u00e1s de cinco municipios bonaerenses, perdieron el estatus sanitario logrado y retrocedieron durante los \u00faltimos d\u00edas en el proceso de desconfinamiento, luego de que se multiplicaran los casos de coronavirus, anunciaron las autoridades locales.<\/p>\n<p>El jefe de Gabinete, Santiago Cafiero, destac\u00f3 la necesidad de &#8220;poner en el centro una mirada humanista, no una economicista&#8221; para enfrentar la pandemia de coronavirus, sobre todo en el \u00e1mbito metropolitano, donde la situaci\u00f3n &#8220;es muy distinta&#8221; en relaci\u00f3n a &#8220;la din\u00e1mica en el interior del pa\u00eds&#8221;, y sostuvo en declaraciones a FutuRock que quienes critican esta postura lo hacen desde &#8220;una mirada pol\u00edtico-electoral&#8221;.<\/p>\n<p>No obstante el cr\u00edtico panorama, se eval\u00faa que veinte provincias empezar\u00e1n a articular &#8220;pol\u00edticas para la post pandemia&#8221;, que har\u00e1 eje en un &#8220;ingreso base&#8221; para tres millones de personas de los sectores m\u00e1s empobrecidos y en el plan Potenciar Trabajo para el desarrollo de &#8220;infraestructura b\u00e1sica&#8221; en unas 4.000 villas y barrios populares del pa\u00eds.<\/p>\n<p>En el plano global, el secretario general de la Organizaci\u00f3n Mundial de la Salud (OMS), Tedros Adhanom Ghebeyesus, pidi\u00f3 a los l\u00edderes mundiales que no politicen la pandemia de coronavirus sino que se unan para combatirla, en un momento en que los dos pa\u00edses m\u00e1s golpeados, Estados Unidos y Brasil, est\u00e1n sumidos en una crisis pol\u00edtica, en parte por sus gestiones sanitarias.<\/p>\n<p>El pedido de Tedros coincidi\u00f3 adem\u00e1s con la aceleraci\u00f3n de la pandemia a nivel global: super\u00f3 los 9 millones de infectados y los 469.000 muertos, seg\u00fan el conteo de la Universidad Johns Hopkins.<\/p>\n<p>La OMS, que lleva un conteo m\u00e1s conservador y lento, calcul\u00f3 hoy que los casos confirmados en el mundo superan los 8,8 millones y los muertos, los 465.000.<\/p>\n<p>En Brasil, en tanto, la crisis pol\u00edtica se profundiza a\u00fan m\u00e1s por la ret\u00f3rica beligerante del presidente Jair Bolsonaro. Hoy el mandatario insisti\u00f3 en que la reacci\u00f3n mundial a la pandemia fue exagerada y defendi\u00f3 una aceleraci\u00f3n del proceso de reapertura de los comercios y una vuelta a la normalidad, lo antes posible.<\/p>\n<p>En menor medida que en Brasil, la pandemia sigue creciendo en otros pa\u00edses latinoamericanos como Chile, donde hoy las autoridades de Salud informaron de 4.500 contagios nuevos en las \u00faltimas 24 horas y el pa\u00eds qued\u00f3 al borde de los 247.000 casos confirmados.<\/p>\n<p>Con estas cifras, Chile ya supera a Italia en cantidad de infectados por coronavirus y es uno de los 10 pa\u00edses con m\u00e1s casos en el mundo, aunque el dato m\u00e1s preocupante es que su sistema hospitalario sigue al borde de la saturaci\u00f3n.<\/p>\n<p>El epicentro de la pandemia se ubica hace semanas en el continente americano, pese a algunos rebrotes importantes en Ir\u00e1n, India y Rusia.<\/p>\n<p>En Europa, el continente que supo ser el foco principal de la pandemia en marzo y abril, las reaperturas graduales siguen avanzando sin aparentes rebrotes masivos.<\/p>\n<p>Francia hoy anunci\u00f3 una nueva disminuci\u00f3n del n\u00famero de enfermos de coronavirus internados en terapia intensiva e inform\u00f3 23 nuevas muertes, una cifra que confirma el descenso de fallecimientos diarios en el pa\u00eds.<\/p>\n<p>En total, Francia supera los 197.000 casos confirmados y los 29.600 muertos, seg\u00fan la agencia de noticias EFE.<\/p>\n<p>En tanto, Espa\u00f1a avanz\u00f3 con su primera semana laboral sin estado de alarma despu\u00e9s de tres meses de confinamiento por la crisis del coronavirus, sin embargo la regi\u00f3n de Arag\u00f3n experiment\u00f3 un rebrote de casos.<\/p>\n","protected":false},"excerpt":{"rendered":"<p>Treinta y dos personas murieron y 2.146 fueron diagnosticadas con coronavirus en las \u00faltimas 24 horas en el pa\u00eds, inform\u00f3 este lunes por la noche el Ministerio de Salud de la Naci\u00f3n &nbsp; &nbsp; Treinta y dos personas murieron y 2.146 fueron diagnosticadas con coronavirus en las \u00faltimas 24 horas en la Argentina -la cifra m\u00e1s alta de positivos en una jornada-, con lo que ascienden a 1.043 los fallecidos y a 44.931 los contagiados desde el inicio de la pandemia, inform\u00f3 hoy el Ministerio de Salud de la Naci\u00f3n&#8230;.<\/p>\n","protected":false},"author":3,"featured_media":63262,"comment_status":"closed","ping_status":"closed","sticky":false,"template":"","format":"standard","meta":[],"categories":[4],"tags":[],"_links":{"self":[{"href":"https:\/\/www.actualidadadiario.com\/index.php\/wp-json\/wp\/v2\/posts\/63261"}],"collection":[{"href":"https:\/\/www.actualidadadiario.com\/index.php\/wp-json\/wp\/v2\/posts"}],"about":[{"href":"https:\/\/www.actualidadadiario.com\/index.php\/wp-json\/wp\/v2\/types\/post"}],"author":[{"embeddable":true,"href":"https:\/\/www.actualidadadiario.com\/index.php\/wp-json\/wp\/v2\/users\/3"}],"replies":[{"embeddable":true,"href":"https:\/\/www.actualidadadiario.com\/index.php\/wp-json\/wp\/v2\/comments?post=63261"}],"version-history":[{"count":1,"href":"https:\/\/www.actualidadadiario.com\/index.php\/wp-json\/wp\/v2\/posts\/63261\/revisions"}],"predecessor-version":[{"id":63263,"href":"https:\/\/www.actualidadadiario.com\/index.php\/wp-json\/wp\/v2\/posts\/63261\/revisions\/63263"}],"wp:featuredmedia":[{"embeddable":true,"href":"https:\/\/www.actualidadadiario.com\/index.php\/wp-json\/wp\/v2\/media\/63262"}],"wp:attachment":[{"href":"https:\/\/www.actualidadadiario.com\/index.php\/wp-json\/wp\/v2\/media?parent=63261"}],"wp:term":[{"taxonomy":"category","embeddable":true,"href":"https:\/\/www.actualidadadiario.com\/index.php\/wp-json\/wp\/v2\/categories?post=63261"},{"taxonomy":"post_tag","embeddable":true,"href":"https:\/\/www.actualidadadiario.com\/index.php\/wp-json\/wp\/v2\/tags?post=63261"}],"curies":[{"name":"wp","href":"https:\/\/api.w.org\/{rel}","templated":true}]}}