{"id":63255,"date":"2020-06-23T12:54:59","date_gmt":"2020-06-23T15:54:59","guid":{"rendered":"https:\/\/www.actualidadadiario.com\/?p=63255"},"modified":"2020-06-23T12:54:59","modified_gmt":"2020-06-23T15:54:59","slug":"nos-relajamos-y-retrocedimos-dijo-lacalle-pou-tras-el-nuevo-brote-de-coronavirus","status":"publish","type":"post","link":"https:\/\/www.actualidadadiario.com\/index.php\/2020\/06\/23\/nos-relajamos-y-retrocedimos-dijo-lacalle-pou-tras-el-nuevo-brote-de-coronavirus\/","title":{"rendered":"&#8220;Nos relajamos y retrocedimos&#8221;, dijo Lacalle Pou tras el nuevo brote de coronavirus"},"content":{"rendered":"<p style=\"text-align: center;\"><em><strong>El jefe del Estado subray\u00f3 que \u201cel cuidado va a ser m\u00e1s largo\u201d en el tiempo, \u201cel distanciamiento f\u00edsico sostenido va a ser largo, el uso de tapabocas va a ser largo y algunas actividades no se van a llevar a cabo\u201d<\/strong><\/em><\/p>\n<p>&nbsp;<\/p>\n<p>&nbsp;<\/p>\n<p>El presidente de Uruguay, Luis Lacalle Pou, afirm\u00f3 este lunes que los uruguayos se relajaron y retrocedieron \u201cunos casilleros\u201d en la lucha contra el coronavirus, tras un reciente brote en el departamento oriental Treinta y Tres cuando el pa\u00eds parec\u00eda a punto de quedar libre de la enfermedad.<\/p>\n<p>\u201cNos relajamos un poco, lo vemos en las redes, en todos lados; retrocedimos unos casilleros\u201d, dijo Lacalle Pou en conferencia de prensa en Treinta y Tres.<\/p>\n<p>La nueva situaci\u00f3n \u201cnos obliga a poner pausa, a ir para atr\u00e1s todo lo necesario; la verdad que lo hacemos con pesar pero es nuestro deber\u201d, advirti\u00f3.<\/p>\n<p>\u201cUno pod\u00eda prever que si est\u00e1bamos en el entorno de 12 casos (con la infecci\u00f3n activa) y si segu\u00edamos esa l\u00ednea que no sigui\u00f3, en un mes y medio o dos Uruguay pod\u00eda levantar la emergencia sanitaria\u201d, reflexion\u00f3 el mandatario.<\/p>\n<p>Lacalle remarc\u00f3 que \u201cobviamente, al d\u00eda de hoy, esa idea queda naturalmente relegada por un tiempo\u201d.<\/p>\n<p>\u201cEl caso de Treinta y Tres nos sirve para todo el pa\u00eds; estuvimos festejando cero casos, estuvimos festejando un caso, pero resulta que de un d\u00eda para otro tenemos 18 casos\u201d, lo cual \u201cnos da la clara se\u00f1al de que esto no est\u00e1 ganado, que esto no est\u00e1 ni cerca\u201d, indic\u00f3.<\/p>\n<p>El jefe del Estado subray\u00f3 que \u201cel cuidado va a ser m\u00e1s largo\u201d en el tiempo, \u201cel distanciamiento f\u00edsico sostenido va a ser largo, el uso de tapabocas va a ser largo y algunas actividades no se van a llevar a cabo\u201d.<\/p>\n<p>El mandatario anunci\u00f3 adem\u00e1s la suspensi\u00f3n de las clases en Treinta y Tres hasta el 3 de julio, la realizaci\u00f3n de controles sanitarios a quienes entren y salgan de la ciudad y de 1.000 testeos focalizados en el personal de la salud y del transporte.<\/p>\n<p>Asimismo, asegur\u00f3 que entre hoy y ma\u00f1ana se efectuar\u00edan hisopados a \u201ctodos\u201d los contactos de los infectados detectados en la regi\u00f3n, seg\u00fan el diario El Observador.<\/p>\n<p>El brote en Treinta y Tres fue detectado este fin de semana y hasta anoche ya sumaban 14 casos, por lo que se hab\u00eda puesto en cuarentena preventiva a dos centenares de personas.<\/p>\n<p>El primero de esos casos fue detectado el viernes, despu\u00e9s de varios d\u00edas en los que Uruguay casi no hab\u00eda registrado contagios nuevos y ten\u00eda poco m\u00e1s de 10 infecciones activas.<\/p>\n<p>Sin embargo, el s\u00e1bado ya sumaba 19 casos activos, que ayer ascendieron a 37.<\/p>\n<p>Uruguay contabilizaba 876 casos confirmados de coronavirus, de los cuales 25 personas fallecieron y 814 ya se curaron, seg\u00fan el \u00faltimo balance oficial, divulgado anoche.<\/p>\n","protected":false},"excerpt":{"rendered":"<p>El jefe del Estado subray\u00f3 que \u201cel cuidado va a ser m\u00e1s largo\u201d en el tiempo, \u201cel distanciamiento f\u00edsico sostenido va a ser largo, el uso de tapabocas va a ser largo y algunas actividades no se van a llevar a cabo\u201d &nbsp; &nbsp; El presidente de Uruguay, Luis Lacalle Pou, afirm\u00f3 este lunes que los uruguayos se relajaron y retrocedieron \u201cunos casilleros\u201d en la lucha contra el coronavirus, tras un reciente brote en el departamento oriental Treinta y Tres cuando el pa\u00eds parec\u00eda a punto de quedar libre de&#8230;<\/p>\n","protected":false},"author":3,"featured_media":63256,"comment_status":"closed","ping_status":"closed","sticky":false,"template":"","format":"standard","meta":[],"categories":[4],"tags":[],"_links":{"self":[{"href":"https:\/\/www.actualidadadiario.com\/index.php\/wp-json\/wp\/v2\/posts\/63255"}],"collection":[{"href":"https:\/\/www.actualidadadiario.com\/index.php\/wp-json\/wp\/v2\/posts"}],"about":[{"href":"https:\/\/www.actualidadadiario.com\/index.php\/wp-json\/wp\/v2\/types\/post"}],"author":[{"embeddable":true,"href":"https:\/\/www.actualidadadiario.com\/index.php\/wp-json\/wp\/v2\/users\/3"}],"replies":[{"embeddable":true,"href":"https:\/\/www.actualidadadiario.com\/index.php\/wp-json\/wp\/v2\/comments?post=63255"}],"version-history":[{"count":1,"href":"https:\/\/www.actualidadadiario.com\/index.php\/wp-json\/wp\/v2\/posts\/63255\/revisions"}],"predecessor-version":[{"id":63257,"href":"https:\/\/www.actualidadadiario.com\/index.php\/wp-json\/wp\/v2\/posts\/63255\/revisions\/63257"}],"wp:featuredmedia":[{"embeddable":true,"href":"https:\/\/www.actualidadadiario.com\/index.php\/wp-json\/wp\/v2\/media\/63256"}],"wp:attachment":[{"href":"https:\/\/www.actualidadadiario.com\/index.php\/wp-json\/wp\/v2\/media?parent=63255"}],"wp:term":[{"taxonomy":"category","embeddable":true,"href":"https:\/\/www.actualidadadiario.com\/index.php\/wp-json\/wp\/v2\/categories?post=63255"},{"taxonomy":"post_tag","embeddable":true,"href":"https:\/\/www.actualidadadiario.com\/index.php\/wp-json\/wp\/v2\/tags?post=63255"}],"curies":[{"name":"wp","href":"https:\/\/api.w.org\/{rel}","templated":true}]}}