{"id":63252,"date":"2020-06-23T12:54:07","date_gmt":"2020-06-23T15:54:07","guid":{"rendered":"https:\/\/www.actualidadadiario.com\/?p=63252"},"modified":"2020-06-23T12:54:07","modified_gmt":"2020-06-23T15:54:07","slug":"brasil-pasa-los-50-000-muertos-y-chile-a-italia-en-numero-de-casos","status":"publish","type":"post","link":"https:\/\/www.actualidadadiario.com\/index.php\/2020\/06\/23\/brasil-pasa-los-50-000-muertos-y-chile-a-italia-en-numero-de-casos\/","title":{"rendered":"Brasil pasa los 50.000 muertos y Chile a Italia en n\u00famero de casos"},"content":{"rendered":"<p style=\"text-align: center;\"><em><strong>Chile es el octavo pa\u00eds del mundo con mayor n\u00famero de contagios, acerc\u00e1ndose a las estad\u00edsticas de Espa\u00f1a; y el tercero en Sudam\u00e9rica, tras Brasil y Per\u00fa<\/strong><\/em><\/p>\n<p>&nbsp;<\/p>\n<p>&nbsp;<\/p>\n<p>Brasil pas\u00f3 la barrera de los 50.000 muertos por COVID-19, en tanto Chile super\u00f3 a Italia en cantidad de contagios, con m\u00e1s de 242.000 casos, los pa\u00edses de la regi\u00f3n que junto a Per\u00fa tienen las situaciones m\u00e1s delicadas.<\/p>\n<p>En medio de una crisis pol\u00edtica que tiene al presidente Jair Bolsonaro enfrentado a los gobernadores, al Congreso y al Poder Judicial, Brasil registr\u00f3 ayer domingo 632 nuevos fallecidos y alcanzar los 50.608 decesos, a poco m\u00e1s de tres meses de la confirmaci\u00f3n de la primera muerte en el pa\u00eds, seg\u00fan datos oficiales de las Secretar\u00edas regionales de Salud.<\/p>\n<p>Brasil report\u00f3 adem\u00e1s 17.304 nuevos contagios por la COVID-19, con lo que el total de infectados asciende ya a 1.084.000.<\/p>\n<p>Esta semana, Brasil registr\u00f3 cinco jornadas consecutivas por encima de la barrera de los 1.000 muertos, lo que confirma al pa\u00eds como el segundo del mundo tanto en n\u00famero de v\u00edctimas como de contagios, solo detr\u00e1s de Estados Unidos.<\/p>\n<p>&nbsp;<\/p>\n<p><strong>Brasil prorroga cierre fronteras<\/strong><\/p>\n<p>El gobierno federal brasile\u00f1o extendi\u00f3 la restricci\u00f3n a la entrada de extranjeros de cualquier nacionalidad en Brasil por otros 15 d\u00edas, siguiendo la recomendaci\u00f3n de la Agencia Nacional de Vigilancia Sanitaria (Anvisa).<\/p>\n<p>La limitaci\u00f3n se aplica a la entrada por carretera u otros medios terrestres, por aire o por transporte acu\u00e1tico.<\/p>\n<p>El acto fue publicado en una edici\u00f3n adicional del Bolet\u00edn Oficial el s\u00e1bado por la noche y extiende el per\u00edodo de 30 d\u00edas previsto en una ordenanza publicada el 22 de mayo.<\/p>\n<p>La medida fue firmada por los ministros Walter Braga Netto (Casa Civil), Andr\u00e9 Mendon\u00e7a (Justicia y Seguridad P\u00fablica), Tarc\u00edsio de Freitas (Infraestructura) y Eduardo Pazuello (Salud).<\/p>\n<p>La ordenanza establece que la restricci\u00f3n no se aplica al brasile\u00f1o, nacido o naturalizado; a inmigrantes con residencia permanente, por un per\u00edodo fijo o indefinido, en territorio brasile\u00f1o; profesional extranjero en misi\u00f3n al servicio de una organizaci\u00f3n internacional; a pasajeros en tr\u00e1nsito internacional, siempre que no salgan del \u00e1rea internacional del aeropuerto y el pa\u00eds de destino admita su entrada; y a funcionarios extranjeros acreditados ante el gobierno brasile\u00f1o. Tambi\u00e9n hay excepciones para los extranjeros que son c\u00f3nyuges, parejas, hijos, padres o curadores de brasile\u00f1os, que tienen una entrada espec\u00edficamente autorizada por el gobierno brasile\u00f1o en vista del inter\u00e9s p\u00fablico o por razones humanitarias. Y tambi\u00e9n para el transporte de carga.<\/p>\n<p>&nbsp;<\/p>\n<p><strong>Chile<\/strong><\/p>\n<p>Al otro lado de la Cordillera de los Andes, las autoridades sanitarias de Chile informaron ayer domingo de 5.607 nuevos contagios por la COVID-19, lo que supone un total de 242.355 enfermos, cifra con la que supera a Italia (238.499 casos) en cuanto a personas infectadas por el coronavirus.<\/p>\n<p>En Chile se registraron 184 nuevos fallecidos, sumando un balance de 4.479 muertes, a los que se a\u00f1aden los 3.069 decesos sospechosos de COVID-19, alcanzando 7.548 personas muertas en el pa\u00eds como consecuencia de la pandemia.<\/p>\n<p>Desde que se registr\u00f3 el primer caso del coronavirus en Chile el pasado 3 de marzo, las autoridades han remarcado en diversas ocasiones que el pa\u00eds se estaba preparando desde enero para afrontar la llegada de la pandemia.<\/p>\n<p>Dos semanas despu\u00e9s del primer caso el presidente Sebasti\u00e1n Pi\u00f1era destac\u00f3 en una entrevista con CNN Chile que el pa\u00eds, que entonces apenas ten\u00eda 238 casos positivos y ning\u00fan fallecido, estaba \u201cmejor preparado que Italia\u201d, que en la misma fecha ten\u00eda 35.713 contagios y 2.978 decesos.<\/p>\n<p>Algo m\u00e1s de tres meses despu\u00e9s la situaci\u00f3n epidemiol\u00f3gica sigue empeorando a diario mientras que en Italia se consiguieron estabilizar los contagios, a pesar de que el pa\u00eds europeo tiene una poblaci\u00f3n tres veces mayor.<\/p>\n<p>Con las nuevas cifras Chile es el octavo pa\u00eds del mundo con mayor n\u00famero de contagios, acerc\u00e1ndose a las estad\u00edsticas de Espa\u00f1a; y el tercero en Sudam\u00e9rica, tras Brasil y Per\u00fa.<\/p>\n<p>El ministro de Salud chileno, Enrique Paris, se\u00f1al\u00f3 en la rueda de prensa diaria que se establecer\u00e1 cuarentena domiciliaria desde la noche del martes 23 en las ciudades de Antofagasta, Tocopilla y Mejillones. El Gobierno descart\u00f3 desde el comienzo la cuarentena a nivel nacional y eligi\u00f3 una estrategia \u201cselectiva\u201d decretando confinamiento o no en funci\u00f3n de la evoluci\u00f3n de los brotes en el pa\u00eds.<\/p>\n<p>Estas nuevas localidades, ubicadas a m\u00e1s de 1.000 kil\u00f3metros al norte de Santiago, se suman a la regi\u00f3n Metropolitana, en la que se ubica la capital; varias ciudades en la regi\u00f3n de Valpara\u00edso, incluyendo la ciudad hom\u00f3nima y Vi\u00f1a del Mar; y en el norte Iquique, Alto Hospicio, Pozo Almonte y Calama.<\/p>\n<p>Chile se encuentra actualmente bajo estado de excepci\u00f3n por cat\u00e1strofe y toque de queda nocturno, con las fronteras cerradas, al igual que las escuelas y los negocios que no son de primera necesidad.<\/p>\n<p>El presidente Sebasti\u00e1n Pi\u00f1era promulg\u00f3 el domingo una ley que ampl\u00eda el monto y la cobertura de las ayudas para hogares vulnerables para enfrentar la pandemia. La normativa est\u00e1 incluida dentro de una ley de emergencia aprobada en tiempo r\u00e9cord tras una gran acuerdo pol\u00edtico para a\u00f1adir otros 12.000 millones de d\u00f3lares a un plan de ayuda estatal y de reactivaci\u00f3n econ\u00f3mica, con un horizonte de dos a\u00f1os, destinado a enfrentar los efectos del coronavirus, que podr\u00eda significar una ca\u00edda del PIB de hasta un 7,5% en 2020.<\/p>\n","protected":false},"excerpt":{"rendered":"<p>Chile es el octavo pa\u00eds del mundo con mayor n\u00famero de contagios, acerc\u00e1ndose a las estad\u00edsticas de Espa\u00f1a; y el tercero en Sudam\u00e9rica, tras Brasil y Per\u00fa &nbsp; &nbsp; Brasil pas\u00f3 la barrera de los 50.000 muertos por COVID-19, en tanto Chile super\u00f3 a Italia en cantidad de contagios, con m\u00e1s de 242.000 casos, los pa\u00edses de la regi\u00f3n que junto a Per\u00fa tienen las situaciones m\u00e1s delicadas. En medio de una crisis pol\u00edtica que tiene al presidente Jair Bolsonaro enfrentado a los gobernadores, al Congreso y al Poder Judicial,&#8230;<\/p>\n","protected":false},"author":3,"featured_media":63253,"comment_status":"closed","ping_status":"closed","sticky":false,"template":"","format":"standard","meta":[],"categories":[4],"tags":[],"_links":{"self":[{"href":"https:\/\/www.actualidadadiario.com\/index.php\/wp-json\/wp\/v2\/posts\/63252"}],"collection":[{"href":"https:\/\/www.actualidadadiario.com\/index.php\/wp-json\/wp\/v2\/posts"}],"about":[{"href":"https:\/\/www.actualidadadiario.com\/index.php\/wp-json\/wp\/v2\/types\/post"}],"author":[{"embeddable":true,"href":"https:\/\/www.actualidadadiario.com\/index.php\/wp-json\/wp\/v2\/users\/3"}],"replies":[{"embeddable":true,"href":"https:\/\/www.actualidadadiario.com\/index.php\/wp-json\/wp\/v2\/comments?post=63252"}],"version-history":[{"count":1,"href":"https:\/\/www.actualidadadiario.com\/index.php\/wp-json\/wp\/v2\/posts\/63252\/revisions"}],"predecessor-version":[{"id":63254,"href":"https:\/\/www.actualidadadiario.com\/index.php\/wp-json\/wp\/v2\/posts\/63252\/revisions\/63254"}],"wp:featuredmedia":[{"embeddable":true,"href":"https:\/\/www.actualidadadiario.com\/index.php\/wp-json\/wp\/v2\/media\/63253"}],"wp:attachment":[{"href":"https:\/\/www.actualidadadiario.com\/index.php\/wp-json\/wp\/v2\/media?parent=63252"}],"wp:term":[{"taxonomy":"category","embeddable":true,"href":"https:\/\/www.actualidadadiario.com\/index.php\/wp-json\/wp\/v2\/categories?post=63252"},{"taxonomy":"post_tag","embeddable":true,"href":"https:\/\/www.actualidadadiario.com\/index.php\/wp-json\/wp\/v2\/tags?post=63252"}],"curies":[{"name":"wp","href":"https:\/\/api.w.org\/{rel}","templated":true}]}}