{"id":63249,"date":"2020-06-23T12:53:13","date_gmt":"2020-06-23T15:53:13","guid":{"rendered":"https:\/\/www.actualidadadiario.com\/?p=63249"},"modified":"2020-06-23T12:53:13","modified_gmt":"2020-06-23T15:53:13","slug":"hamilton-le-pone-el-cuerpo-a-las-protestas-contra-el-racismo","status":"publish","type":"post","link":"https:\/\/www.actualidadadiario.com\/index.php\/2020\/06\/23\/hamilton-le-pone-el-cuerpo-a-las-protestas-contra-el-racismo\/","title":{"rendered":"Hamilton le pone el cuerpo a las protestas contra el racismo"},"content":{"rendered":"<p style=\"text-align: center;\"><em><strong>El piloto anunci\u00f3 adem\u00e1s la creaci\u00f3n de una comisi\u00f3n para promover la diversidad racial en el entorno del automovilismo<\/strong><\/em><\/p>\n<p>&nbsp;<\/p>\n<p>&nbsp;<\/p>\n<p>Desde el comienzo de las protestas contra el racismo en diferentes ciudades del mundo tras el asesinato de George Floyd por parte de un polic\u00eda de Minneapolis, el brit\u00e1nico Lewis Hamilton se convirti\u00f3 en una de las voces m\u00e1s famosas en manifestarse activamente sobre ese flagelo. Sin embargo, el seis veces campe\u00f3n de F\u00f3rmula 1 no s\u00f3lo lo hace desde las redes sociales, sino que tambi\u00e9n se involucr\u00f3 directamente en el tema. Por un lado, participando en las protestas junto al resto de los manifestantes. Y por otro, con acciones directas que buscan promover la diversidad racial en el entorno del automovilismo, su \u00e1mbito laboral.<\/p>\n<p>Camuflado con lentes, un gorro y un gran tapabocas que le permiti\u00f3 pasar inadvertido entre la multitud, Hamilton particip\u00f3 de las protestas pac\u00edficas que se llevaron a durante el fin de semana en Londres, por cuarta vez desde que comenzaron las manifestaciones. &#8220;Fui a Hyde Park durante la protesta pac\u00edfica y estuve muy orgulloso de ver cerca a tantas personas de todas las razas y or\u00edgenes que apoyan este movimiento. Fue realmente conmovedor. Me siento extremadamente positivo de que llegar\u00e1 un cambio, pero no podemos parar ahora&#8221;, escribi\u00f3 el piloto de Mercedes en su cuenta de Twitter, junto a tres fotograf\u00edas que certifican su presencia. Incluso, en una de ellas se lo ve llevando una pancarta con la leyenda #Blacklivesmatter.<\/p>\n<p>Hamilton, el \u00fanico corredor negro de la F\u00f3rmula 1, fue uno de los primeros deportistas que alz\u00f3 la voz tras el asesinato de Floyd, ocurrido el 25 de amyo. Incluso, cuestion\u00f3 a sus colegas y al resto de los actores involucrados en la categor\u00eda porque no hab\u00edan reaccionado por lo sucedido. A partir de esa circunstancia, el piloto de 35 a\u00f1os potenci\u00f3 su rol como activista racial. Tanto que inst\u00f3 a los gobiernos del mundo a que quitaran estatuas y monumentos de personas con antecedentes racistas.<\/p>\n<p>Pero sus actos no se quedan en las palabras. En una entrevista que brind\u00f3 al peri\u00f3dico brit\u00e1nico The Sunday Times, Hamilton anunci\u00f3 la creaci\u00f3n de una comisi\u00f3n, en colaboraci\u00f3n con la Real Academia de Ingenier\u00eda, para promover la diversidad racial en el entorno del automovilismo.<\/p>\n<p>Seg\u00fan informa la web especializada Motorsport, Hamilton lanzar\u00e1 una nueva asociaci\u00f3n destinada a mejorar la diversidad en el automovilismo y permitir un &#8220;cambio real, tangible y medible&#8221; basado en su propia experiencia como v\u00edctima del racismo.<\/p>\n<p>&#8220;Los ni\u00f1os me arrojaban cosas mientras practicaba karts. Tambi\u00e9n fui molestado por algunos seguidores en un Gran Premio de 2007. Eso me hizo acostumbrarme a la idea de que nadie hablar\u00e1 m\u00e1s fuerte que yo cuando enfrente el racismo, porque nadie siente ni comprende mi experiencia personal&#8221;, cont\u00f3 en la entrevista.<\/p>\n<p>El seis veces campe\u00f3n del mundo de F\u00f3rmula 1 promulg\u00f3 entonces la creaci\u00f3n de &#8220;La Comisi\u00f3n Hamilton&#8221;, que estar\u00e1 &#8220;dedicada a explorar c\u00f3mo el automovilismo se puede utilizar como un veh\u00edculo para involucrar a m\u00e1s j\u00f3venes de origen negro en materias como la Ciencia, la Tecnolog\u00eda, la Ingenier\u00eda y las Matem\u00e1ticas&#8221; para que encuentren un empleo en equipos o en otros sectores.<\/p>\n<p>&#8220;Esta comisi\u00f3n explorar\u00e1 \u00e1reas que incluyen la falta de modelos a seguir y los servicios profesionales en las escuelas, con oportunidades para involucrar a m\u00e1s j\u00f3venes negros con actividades extracurriculares relacionadas con la Ciencia, la Tecnolog\u00eda, la Ingenier\u00eda y las Matem\u00e1ticas, para sobrepasar las barreras que impiden que personas de los m\u00e1s diversos or\u00edgenes se unan a la industria de las carreras, pero tambi\u00e9n sobre las pr\u00e1cticas de contrataci\u00f3n problem\u00e1ticas que resultan en que menos graduados negros ingresen a las profesiones de ingenier\u00eda&#8221;, expuso el piloto<\/p>\n<p>Hamilton se propuso igualmente &#8220;escuchar a los j\u00f3venes y graduados que se enfrentan a estos desaf\u00edos todos los d\u00edas&#8221;.<\/p>\n<p>&#8220;Estamos en el proceso de atraer socios adicionales que trabajan en el terreno de las comunidades negras para tener una perspectiva de primera mano. Adem\u00e1s, queremos atraer a l\u00edderes pol\u00edticos y empresarios que se comprometan a liderar la activaci\u00f3n de las recomendaciones formuladas en el estudio. Se acab\u00f3 el tiempo de los lugares comunes y los gestos simb\u00f3licos. Espero que La Comisi\u00f3n Hamilton permita un cambio real, tangible y medible. Cuando en 20 a\u00f1os mire hacia atr\u00e1s, quiero ver que el deporte que le dio tantas oportunidades a un ni\u00f1o negro t\u00edmido y de clase trabajadora de Stevenage, se volvi\u00f3 tan diverso como el complejo y multicultural mundo en el que vivimos&#8221;, dese\u00f3 el piloto, que a partir de julio buscar\u00e1 igualar al alem\u00e1n Michael Schumacher como m\u00e1ximo campe\u00f3n de la F\u00f3rmula 1, con siete t\u00edtulos.<\/p>\n","protected":false},"excerpt":{"rendered":"<p>El piloto anunci\u00f3 adem\u00e1s la creaci\u00f3n de una comisi\u00f3n para promover la diversidad racial en el entorno del automovilismo &nbsp; &nbsp; Desde el comienzo de las protestas contra el racismo en diferentes ciudades del mundo tras el asesinato de George Floyd por parte de un polic\u00eda de Minneapolis, el brit\u00e1nico Lewis Hamilton se convirti\u00f3 en una de las voces m\u00e1s famosas en manifestarse activamente sobre ese flagelo. Sin embargo, el seis veces campe\u00f3n de F\u00f3rmula 1 no s\u00f3lo lo hace desde las redes sociales, sino que tambi\u00e9n se involucr\u00f3 directamente&#8230;<\/p>\n","protected":false},"author":3,"featured_media":63250,"comment_status":"closed","ping_status":"closed","sticky":false,"template":"","format":"standard","meta":[],"categories":[4],"tags":[],"_links":{"self":[{"href":"https:\/\/www.actualidadadiario.com\/index.php\/wp-json\/wp\/v2\/posts\/63249"}],"collection":[{"href":"https:\/\/www.actualidadadiario.com\/index.php\/wp-json\/wp\/v2\/posts"}],"about":[{"href":"https:\/\/www.actualidadadiario.com\/index.php\/wp-json\/wp\/v2\/types\/post"}],"author":[{"embeddable":true,"href":"https:\/\/www.actualidadadiario.com\/index.php\/wp-json\/wp\/v2\/users\/3"}],"replies":[{"embeddable":true,"href":"https:\/\/www.actualidadadiario.com\/index.php\/wp-json\/wp\/v2\/comments?post=63249"}],"version-history":[{"count":1,"href":"https:\/\/www.actualidadadiario.com\/index.php\/wp-json\/wp\/v2\/posts\/63249\/revisions"}],"predecessor-version":[{"id":63251,"href":"https:\/\/www.actualidadadiario.com\/index.php\/wp-json\/wp\/v2\/posts\/63249\/revisions\/63251"}],"wp:featuredmedia":[{"embeddable":true,"href":"https:\/\/www.actualidadadiario.com\/index.php\/wp-json\/wp\/v2\/media\/63250"}],"wp:attachment":[{"href":"https:\/\/www.actualidadadiario.com\/index.php\/wp-json\/wp\/v2\/media?parent=63249"}],"wp:term":[{"taxonomy":"category","embeddable":true,"href":"https:\/\/www.actualidadadiario.com\/index.php\/wp-json\/wp\/v2\/categories?post=63249"},{"taxonomy":"post_tag","embeddable":true,"href":"https:\/\/www.actualidadadiario.com\/index.php\/wp-json\/wp\/v2\/tags?post=63249"}],"curies":[{"name":"wp","href":"https:\/\/api.w.org\/{rel}","templated":true}]}}