{"id":63246,"date":"2020-06-23T12:52:22","date_gmt":"2020-06-23T15:52:22","guid":{"rendered":"https:\/\/www.actualidadadiario.com\/?p=63246"},"modified":"2020-06-23T12:52:22","modified_gmt":"2020-06-23T15:52:22","slug":"el-artico-registra-maximos-historicos-de-temperatura","status":"publish","type":"post","link":"https:\/\/www.actualidadadiario.com\/index.php\/2020\/06\/23\/el-artico-registra-maximos-historicos-de-temperatura\/","title":{"rendered":"El \u00c1rtico registra m\u00e1ximos hist\u00f3ricos de temperatura"},"content":{"rendered":"<p style=\"text-align: center;\"><em><strong>La Organizaci\u00f3n Meteorol\u00f3gica Mundial (OMM) inform\u00f3 que est\u00e1 investigando los m\u00e1ximos hist\u00f3ricos de temperatura registrados en la localidad \u00e1rtica rusa de Verjoyansk, habitualmente uno de los lugares m\u00e1s fr\u00edos del mundo pero que el pasado 20 de junio registr\u00f3 una temperatura de 38 grados cent\u00edgrados<\/strong><\/em><\/p>\n<p>&nbsp;<\/p>\n<p>&nbsp;<\/p>\n<p>La portavoz de la OMM, Clare Nullis, explic\u00f3 en conferencia de prensa que la organizaci\u00f3n est\u00e1 en contacto con las autoridades rusas para verificar este r\u00e9cord e incluirlo en sus archivos. Adem\u00e1s, se\u00f1al\u00f3 que este m\u00e1ximo estar\u00eda relacionado con la actual ola de calor que sufre Siberia, con un aumento de los incendios forestales en la zona.<\/p>\n<p>\u201cLa regi\u00f3n de Siberia Oriental suele tener temperaturas extremas en invierno y en verano, por lo que temperaturas superiores a los 30 grados no son infrecuentes en julio\u201d, asegur\u00f3 Nullis. A su vez, cit\u00f3 datos del centro de investigaciones \u00e1rticas y ant\u00e1rticas de Rusia, Roshydromet.<\/p>\n<p>De acuerdo con el relator especial de la OMM para clima y extremos clim\u00e1ticos, Randall Cerveny, el r\u00e9cord de temperatura registrado en Verjoyansk se produjo tras \u201cuna primavera inusualmente c\u00e1lida en Siberia, que coincide con la falta de nieve en la regi\u00f3n y un incremento de las temperaturas globales\u201d.<\/p>\n<p>La organizaci\u00f3n con sede en Ginebra destaca que el \u00c1rtico es una de las regiones donde el calentamiento global est\u00e1 siendo m\u00e1s pronunciado, con incrementos de temperaturas que duplican la media mundial, una reducci\u00f3n del 50 por ciento en su volumen del hielo marino y temperaturas r\u00e9cord de su atm\u00f3sfera en los pasados cuatro a\u00f1os.<\/p>\n<p>La OMM tambi\u00e9n record\u00f3 que el pasado 6 de febrero la base argentina Esperanza registr\u00f3 una temperatura r\u00e9cord de 18,4 grados en el extremo norte de la pen\u00ednsula Ant\u00e1rtica, la zona m\u00e1s alejada del Polo Sur en ese continente.<\/p>\n<p>Verjoyansk, junto con Oymyakon, son conocidos como los dos lugares m\u00e1s fr\u00edos del planeta, donde las temperaturas pueden bajar a m\u00e1s de 67 grados bajo cero, especialmente en invierno.<\/p>\n","protected":false},"excerpt":{"rendered":"<p>La Organizaci\u00f3n Meteorol\u00f3gica Mundial (OMM) inform\u00f3 que est\u00e1 investigando los m\u00e1ximos hist\u00f3ricos de temperatura registrados en la localidad \u00e1rtica rusa de Verjoyansk, habitualmente uno de los lugares m\u00e1s fr\u00edos del mundo pero que el pasado 20 de junio registr\u00f3 una temperatura de 38 grados cent\u00edgrados &nbsp; &nbsp; La portavoz de la OMM, Clare Nullis, explic\u00f3 en conferencia de prensa que la organizaci\u00f3n est\u00e1 en contacto con las autoridades rusas para verificar este r\u00e9cord e incluirlo en sus archivos. Adem\u00e1s, se\u00f1al\u00f3 que este m\u00e1ximo estar\u00eda relacionado con la actual ola de&#8230;<\/p>\n","protected":false},"author":3,"featured_media":63247,"comment_status":"closed","ping_status":"closed","sticky":false,"template":"","format":"standard","meta":[],"categories":[4],"tags":[],"_links":{"self":[{"href":"https:\/\/www.actualidadadiario.com\/index.php\/wp-json\/wp\/v2\/posts\/63246"}],"collection":[{"href":"https:\/\/www.actualidadadiario.com\/index.php\/wp-json\/wp\/v2\/posts"}],"about":[{"href":"https:\/\/www.actualidadadiario.com\/index.php\/wp-json\/wp\/v2\/types\/post"}],"author":[{"embeddable":true,"href":"https:\/\/www.actualidadadiario.com\/index.php\/wp-json\/wp\/v2\/users\/3"}],"replies":[{"embeddable":true,"href":"https:\/\/www.actualidadadiario.com\/index.php\/wp-json\/wp\/v2\/comments?post=63246"}],"version-history":[{"count":1,"href":"https:\/\/www.actualidadadiario.com\/index.php\/wp-json\/wp\/v2\/posts\/63246\/revisions"}],"predecessor-version":[{"id":63248,"href":"https:\/\/www.actualidadadiario.com\/index.php\/wp-json\/wp\/v2\/posts\/63246\/revisions\/63248"}],"wp:featuredmedia":[{"embeddable":true,"href":"https:\/\/www.actualidadadiario.com\/index.php\/wp-json\/wp\/v2\/media\/63247"}],"wp:attachment":[{"href":"https:\/\/www.actualidadadiario.com\/index.php\/wp-json\/wp\/v2\/media?parent=63246"}],"wp:term":[{"taxonomy":"category","embeddable":true,"href":"https:\/\/www.actualidadadiario.com\/index.php\/wp-json\/wp\/v2\/categories?post=63246"},{"taxonomy":"post_tag","embeddable":true,"href":"https:\/\/www.actualidadadiario.com\/index.php\/wp-json\/wp\/v2\/tags?post=63246"}],"curies":[{"name":"wp","href":"https:\/\/api.w.org\/{rel}","templated":true}]}}