{"id":63243,"date":"2020-06-23T12:51:25","date_gmt":"2020-06-23T15:51:25","guid":{"rendered":"https:\/\/www.actualidadadiario.com\/?p=63243"},"modified":"2020-06-23T12:51:25","modified_gmt":"2020-06-23T15:51:25","slug":"a-vicentin-le-paso-el-macrismo-hasta-2015-ganaba-plata","status":"publish","type":"post","link":"https:\/\/www.actualidadadiario.com\/index.php\/2020\/06\/23\/a-vicentin-le-paso-el-macrismo-hasta-2015-ganaba-plata\/","title":{"rendered":"&#8220;A Vicentin le pas\u00f3 el macrismo, hasta 2015 ganaba plata&#8221;"},"content":{"rendered":"<p style=\"text-align: center;\"><em><strong>As\u00ed lo afirm\u00f3 el jefe de Gabinete, Santiago Cafiero, al analizar la situaci\u00f3n de la agroexportadora que recibi\u00f3 pr\u00e9stamos millonarios, fue el principal aportante de la campa\u00f1a de Juntos por el Cambio y ahora en un estado de cesaci\u00f3n total de pagos es sospechada por fuga y lavado de activos<\/strong><\/em><\/p>\n<p>&nbsp;<\/p>\n<p>&nbsp;<\/p>\n<p>Santiago Cafiero habl\u00f3 sobre la situaci\u00f3n de la empresa Vicentin luego de que un juez fallara en favor del directorio que llev\u00f3 a la agroexportadora a una quiebra m\u00e1s que sospechosa. Tambi\u00e9n habl\u00f3 sobre la cuarentena y advirti\u00f3 que &#8220;esta semana tenemos que ser m\u00e1s rigurosos porque el virus est\u00e1 ah\u00ed&#8221;.<\/p>\n<p>&#8220;A Vicentin le pas\u00f3 el macrismo, hasta 2015 ganaba plata. Uno de los problemas que nos dej\u00f3 el macrismo es Vicentin. No nos enamoramos de los instrumentos. Planteamos que si hab\u00eda estrategias distintas para el rescate de esta empresa los \u00edbamos a o\u00edr. La posibilidad de la expropiaci\u00f3n de Vicentin hoy est\u00e1 en un segundo plano&#8221;, defini\u00f3 en di\u00e1logo con Futurock.<\/p>\n<p>En tal sentido el jefe de ministros dijo que &#8220;no hay que aventurarse&#8221; y que la estrategia tiene que apuntar &#8220;a defender a los que producen y trabajan&#8221;. &#8220;Tenemos que pensar el d\u00eda despu\u00e9s (del coronavirus), qu\u00e9 pa\u00eds queremos. Hemos abandonado la idea de la especulaci\u00f3n financiera por sobre el trabajo y la producci\u00f3n&#8221;, asegur\u00f3<\/p>\n<p>Cafiero tambi\u00e9n respondi\u00f3 las declaraciones de Sergio Berni quien apunt\u00f3 a la ministra nacional Sabina Frederic por la inseguridad en la Provincia. &#8220;Hay un trabajo de las fuerzas federales en la Provincia de Buenos Aires, es innegable. No s\u00e9 en qu\u00e9 contexto lo dijo el Ministro (que no recib\u00eda ayuda de Naci\u00f3n), no vamos a tolerar el abuso de las fuerzas de seguridad&#8221;.<\/p>\n<p>Sobre la negociaci\u00f3n de la deuda externa por parte del ministro Mart\u00edn Guzm\u00e1n precis\u00f3 que &#8220;estamos negociando con mucha responsabilidad. La deuda que dej\u00f3 el macrismo era una deuda impagable. La Argentina nunca se fue de una mesa de negociaci\u00f3n, siempre estuvo dispuesta a acercar posiciones&#8221;.<\/p>\n<p>&#8220;El proyecto de legalizaci\u00f3n del aborto ya est\u00e1 listo. Todo el mundo sabe d\u00f3nde estamos parados pero no queremos que se perciba como que se apresur\u00f3 (el proyecto sobre legalizaci\u00f3n del aborto). Es un debate que tenemos que dar en profundidad. Espero que no (se pase para el a\u00f1o pr\u00f3ximo el debate sobre legalizaci\u00f3n del aborto)&#8221;, cerr\u00f3.<\/p>\n","protected":false},"excerpt":{"rendered":"<p>As\u00ed lo afirm\u00f3 el jefe de Gabinete, Santiago Cafiero, al analizar la situaci\u00f3n de la agroexportadora que recibi\u00f3 pr\u00e9stamos millonarios, fue el principal aportante de la campa\u00f1a de Juntos por el Cambio y ahora en un estado de cesaci\u00f3n total de pagos es sospechada por fuga y lavado de activos &nbsp; &nbsp; Santiago Cafiero habl\u00f3 sobre la situaci\u00f3n de la empresa Vicentin luego de que un juez fallara en favor del directorio que llev\u00f3 a la agroexportadora a una quiebra m\u00e1s que sospechosa. Tambi\u00e9n habl\u00f3 sobre la cuarentena y advirti\u00f3&#8230;<\/p>\n","protected":false},"author":3,"featured_media":63244,"comment_status":"closed","ping_status":"closed","sticky":false,"template":"","format":"standard","meta":[],"categories":[18],"tags":[],"_links":{"self":[{"href":"https:\/\/www.actualidadadiario.com\/index.php\/wp-json\/wp\/v2\/posts\/63243"}],"collection":[{"href":"https:\/\/www.actualidadadiario.com\/index.php\/wp-json\/wp\/v2\/posts"}],"about":[{"href":"https:\/\/www.actualidadadiario.com\/index.php\/wp-json\/wp\/v2\/types\/post"}],"author":[{"embeddable":true,"href":"https:\/\/www.actualidadadiario.com\/index.php\/wp-json\/wp\/v2\/users\/3"}],"replies":[{"embeddable":true,"href":"https:\/\/www.actualidadadiario.com\/index.php\/wp-json\/wp\/v2\/comments?post=63243"}],"version-history":[{"count":1,"href":"https:\/\/www.actualidadadiario.com\/index.php\/wp-json\/wp\/v2\/posts\/63243\/revisions"}],"predecessor-version":[{"id":63245,"href":"https:\/\/www.actualidadadiario.com\/index.php\/wp-json\/wp\/v2\/posts\/63243\/revisions\/63245"}],"wp:featuredmedia":[{"embeddable":true,"href":"https:\/\/www.actualidadadiario.com\/index.php\/wp-json\/wp\/v2\/media\/63244"}],"wp:attachment":[{"href":"https:\/\/www.actualidadadiario.com\/index.php\/wp-json\/wp\/v2\/media?parent=63243"}],"wp:term":[{"taxonomy":"category","embeddable":true,"href":"https:\/\/www.actualidadadiario.com\/index.php\/wp-json\/wp\/v2\/categories?post=63243"},{"taxonomy":"post_tag","embeddable":true,"href":"https:\/\/www.actualidadadiario.com\/index.php\/wp-json\/wp\/v2\/tags?post=63243"}],"curies":[{"name":"wp","href":"https:\/\/api.w.org\/{rel}","templated":true}]}}