{"id":63240,"date":"2020-06-23T12:50:33","date_gmt":"2020-06-23T15:50:33","guid":{"rendered":"https:\/\/www.actualidadadiario.com\/?p=63240"},"modified":"2020-06-23T12:50:33","modified_gmt":"2020-06-23T15:50:33","slug":"convocan-a-sesion-del-senado-para-debatir-la-creacion-de-la-bicameral-de-vicentin","status":"publish","type":"post","link":"https:\/\/www.actualidadadiario.com\/index.php\/2020\/06\/23\/convocan-a-sesion-del-senado-para-debatir-la-creacion-de-la-bicameral-de-vicentin\/","title":{"rendered":"Convocan a sesi\u00f3n del Senado para debatir la creaci\u00f3n de la Bicameral de Vicentin"},"content":{"rendered":"<p style=\"text-align: center;\"><em><strong>La sesi\u00f3n fue convocada a trav\u00e9s de un Decreto Parlamentario firmado por la vicepresidenta y titular del Senado, Cristina Fern\u00e1ndez de Kirchner<\/strong><\/em><\/p>\n<p>&nbsp;<\/p>\n<p>La C\u00e1mara de Senadores nacional fue convocada este lunes a una sesi\u00f3n especial para el pr\u00f3ximo mi\u00e9rcoles para debatir varios proyectos de ley, entre los que figura la iniciativa tendiente a crear una Comisi\u00f3n Bicameral que investigue una posible defraudaci\u00f3n al Banco Naci\u00f3n en el otorgamiento de un cr\u00e9dito a la empresa cerealera Vicentin, cuya intervenci\u00f3n dispuso el gobierno.<\/p>\n<p>Los senadores fueron citados para deliberar sobre la iniciativa impulsada por el oficialismo este mi\u00e9rcoles 24 de junio desde las 15.<\/p>\n<p>El interbloque de Juntos por el Cambio decidir\u00e1 en las pr\u00f3ximas horas si participar\u00e1 de la sesi\u00f3n o se ausentar\u00e1 de la videoconferencia, tal como hizo en las \u00faltimas dos sesiones por interpretar que se incluyen temas que no est\u00e1n vinculados con la pandemia de coronavirus Covid-19, como se acord\u00f3 en el Decreto Parlamentario 8\/20.<\/p>\n<p>El proyecto de creaci\u00f3n de la Bicameral obtuvo dictamen la semana pasada en la Comisi\u00f3n de Asuntos Constitucionales, gracias a las firmas del oficialista Frente de Todos y de su aliado de Juntos Somos R\u00edo Negro.<\/p>\n<p>Juntos por el Cambio, por su parte, resolvi\u00f3 dejar la discusi\u00f3n acusando al peronismo de pretender un avance sobre el Poder Judicial y se\u00f1alando que la intervenci\u00f3n era una maniobra de distracci\u00f3n para &#8220;ocultar cuestiones de mucha mayor gravedad&#8221;.<\/p>\n<p>El expediente parlamentario fue presentado por el senador oficialista por Neuqu\u00e9n Oscar Parrilli, y dispone que la Bicameral, que estar\u00e1 compuesta por seis diputados y seis senadores, investigue las &#8220;presuntas irregularidades que pudieran existir en la relaci\u00f3n crediticia entre el Banco de la Naci\u00f3n Argentina y la empresa Vicentin SAIC, posible defraudaci\u00f3n y estafa comercial a acreedores, clientes de la firma y\/o empresas de Cereales y Soja con las que compet\u00eda&#8221;.<\/p>\n<p>La Comisi\u00f3n tambi\u00e9n deber\u00e1 echar luz sobre &#8220;la detecci\u00f3n de posibles operaciones de encubrimiento y\/o lavado de activos que pudieren ser de origen delictivo y la responsabilidad de la Unidad de Informaci\u00f3n Financiera (UIF) por incumplimiento en sus obligaciones de control&#8221;.<\/p>\n<p>Asimismo, indica, deber\u00e1 indagar si se &#8220;han efectuado giros o movimientos financieros a sus vinculadas en el pa\u00eds y\/o en el exterior, afectando dolosamente los ingresos p\u00fablicos&#8221;.<\/p>\n<p>En la sesi\u00f3n especial de este mi\u00e9rcoles tambi\u00e9n fueron incluidos algunos dict\u00e1menes de la Comisi\u00f3n de Relaciones Exteriores para respaldar la firma de tratados internacionales: Convenio sobre la Eliminaci\u00f3n de la Violencia y el Acoso en el Mundo del Trabajo; Convenio sobre Extradici\u00f3n entre las Rep\u00fablicas de Argentina y Rumania; y Convenio sobre Extradici\u00f3n entre las Rep\u00fablicas de Argentina y Brasil.<\/p>\n","protected":false},"excerpt":{"rendered":"<p>La sesi\u00f3n fue convocada a trav\u00e9s de un Decreto Parlamentario firmado por la vicepresidenta y titular del Senado, Cristina Fern\u00e1ndez de Kirchner &nbsp; La C\u00e1mara de Senadores nacional fue convocada este lunes a una sesi\u00f3n especial para el pr\u00f3ximo mi\u00e9rcoles para debatir varios proyectos de ley, entre los que figura la iniciativa tendiente a crear una Comisi\u00f3n Bicameral que investigue una posible defraudaci\u00f3n al Banco Naci\u00f3n en el otorgamiento de un cr\u00e9dito a la empresa cerealera Vicentin, cuya intervenci\u00f3n dispuso el gobierno. Los senadores fueron citados para deliberar sobre la&#8230;<\/p>\n","protected":false},"author":3,"featured_media":63241,"comment_status":"closed","ping_status":"closed","sticky":false,"template":"","format":"standard","meta":[],"categories":[18],"tags":[],"_links":{"self":[{"href":"https:\/\/www.actualidadadiario.com\/index.php\/wp-json\/wp\/v2\/posts\/63240"}],"collection":[{"href":"https:\/\/www.actualidadadiario.com\/index.php\/wp-json\/wp\/v2\/posts"}],"about":[{"href":"https:\/\/www.actualidadadiario.com\/index.php\/wp-json\/wp\/v2\/types\/post"}],"author":[{"embeddable":true,"href":"https:\/\/www.actualidadadiario.com\/index.php\/wp-json\/wp\/v2\/users\/3"}],"replies":[{"embeddable":true,"href":"https:\/\/www.actualidadadiario.com\/index.php\/wp-json\/wp\/v2\/comments?post=63240"}],"version-history":[{"count":1,"href":"https:\/\/www.actualidadadiario.com\/index.php\/wp-json\/wp\/v2\/posts\/63240\/revisions"}],"predecessor-version":[{"id":63242,"href":"https:\/\/www.actualidadadiario.com\/index.php\/wp-json\/wp\/v2\/posts\/63240\/revisions\/63242"}],"wp:featuredmedia":[{"embeddable":true,"href":"https:\/\/www.actualidadadiario.com\/index.php\/wp-json\/wp\/v2\/media\/63241"}],"wp:attachment":[{"href":"https:\/\/www.actualidadadiario.com\/index.php\/wp-json\/wp\/v2\/media?parent=63240"}],"wp:term":[{"taxonomy":"category","embeddable":true,"href":"https:\/\/www.actualidadadiario.com\/index.php\/wp-json\/wp\/v2\/categories?post=63240"},{"taxonomy":"post_tag","embeddable":true,"href":"https:\/\/www.actualidadadiario.com\/index.php\/wp-json\/wp\/v2\/tags?post=63240"}],"curies":[{"name":"wp","href":"https:\/\/api.w.org\/{rel}","templated":true}]}}