{"id":63238,"date":"2020-06-23T12:49:23","date_gmt":"2020-06-23T15:49:23","guid":{"rendered":"https:\/\/www.actualidadadiario.com\/?p=63238"},"modified":"2020-06-23T12:49:23","modified_gmt":"2020-06-23T15:49:23","slug":"el-gobierno-avanza-en-el-diseno-de-un-ingreso-universal-basico","status":"publish","type":"post","link":"https:\/\/www.actualidadadiario.com\/index.php\/2020\/06\/23\/el-gobierno-avanza-en-el-diseno-de-un-ingreso-universal-basico\/","title":{"rendered":"El Gobierno avanza en el dise\u00f1o de un ingreso universal b\u00e1sico"},"content":{"rendered":"<p style=\"text-align: center;\"><em><strong>El ministro de Desarrollo Social, Daniel Arroyo, adelant\u00f3 que el proyecto &#8220;tiene que funcionar junto al programa Potenciar Trabajo y a la urbanizaci\u00f3n de las villas y asentamientos\u201d. Advirti\u00f3 que la pandemia \u201cnos va a dejar una situaci\u00f3n muy cr\u00edtica, con mucha gente que perdi\u00f3 ingresos y trabajos\u201d<\/strong><\/em><\/p>\n<p>&nbsp;<\/p>\n<p>&nbsp;<\/p>\n<p>El gobierno avanza en la idea de implementar de un ingreso universal, una renta base para aquellos trabajadores informales que vienen de varios a\u00f1os de sufrir la ca\u00edda de sus ingresos y que con la pandemia se quedaron sin una actividad que les permita sostenerse. As\u00ed lo confirm\u00f3 el ministro de Desarrollo Social, Daniel Arroyo, quien advirti\u00f3 que la Covid \u201cnos va a dejar una situaci\u00f3n muy cr\u00edtica, con mucha gente que perdi\u00f3 ingresos y trabajos\u201d. El ministro dijo que al proyecto de un ingreso universal \u201cno lo estamos pensando como una cosa suelta, sino como algo que tiene que funcionar junto al programa Potenciar Trabajo y a la urbanizaci\u00f3n de las villas y asentamientos\u201d.<\/p>\n<p>El esquema de una renta universal para que la poblaci\u00f3n m\u00e1s vulnerable tenga una protecci\u00f3n frente a los efectos econ\u00f3micos del coronavirus ya fue adoptado en varios pa\u00edses. Espa\u00f1a aprob\u00f3 por ley un ingreso m\u00ednimo, Francia est\u00e1 dando de hecho ayudas y Estados Unidos implement\u00f3 un subsidio. \u201cSin embargo, ac\u00e1 no hay que pensarlo como un \u00fanico instrumento, como en Europa, porque Argentina no tiene la misma situaci\u00f3n. All\u00e1 tienen nada m\u00e1s que un problema de ingresos y ac\u00e1 tenemos un problema de trabajo, de ingreso y de acceso a los servicios b\u00e1sicos\u201d, diferenci\u00f3 Arroyo.<\/p>\n<p>El ministerio relanz\u00f3 la semana pasada el programa Potenciar Trabajo, que unific\u00f3 los programas sociales para reconvertirlos. La intenci\u00f3n es vincular los planes al trabajo, para reemplazar los programas de asistencia por trabajo social garantizado. El gobierno piensa en cinco sectores desde los que reconstruir la actividad productiva. Un rubro es el de peque\u00f1as obras de construcci\u00f3n, veredas, casas o infraestructura. El trabajo textil y la producci\u00f3n de alimentos son otras actividades con salida y que requieren de mano de obra intensiva. Luego est\u00e1 el \u00e1rea de las tareas de cuidado y la de recolecci\u00f3n y reciclado de los residuos urbanos.<\/p>\n<p>\u201cLa pol\u00edtica social m\u00e1s importante es vincular planes sociales con trabajo, es potenciar cinco sectores productivos, buscando impulsar la econom\u00eda de abajo hacia arriba\u201d, agreg\u00f3 Arroyo.<\/p>\n<p>De esta manera, el gobierno\u00a0 apunta a cubrir a la poblaci\u00f3n sin ingresos por distintas v\u00edas: la renta universal para quienes est\u00e9n inactivos, el programa Potenciar Trabajo, donde ya fueron unificados todos los planes sociales y los programas de urbanizaci\u00f3n.<\/p>\n<p>El presidente Alberto Fern\u00e1ndez ya hab\u00eda anticipado, este fin de semana, su decisi\u00f3n de implementarlo. \u201cYo no soy hip\u00f3crita. Hay que hacer algo porque hay 9 millones de argentinos que est\u00e1n al margen\u201d, dijo el mandatario luego de comentar que la demanda que tuvo el Ingreso Familiar de Emergencia (IFE), el bono de 10 mil pesos para quienes quedaron sin actividad por la pandemia, mostr\u00f3 la gravedad de la crisis.<\/p>\n<p>El IFE fue creado al comienzo de la cuarentena y se otorg\u00f3 a casi 9 millones de personas. Pero es una herramienta transitoria, para unos meses. Con el ingreso universal, por el contrario, el gobierno piensa en una pol\u00edtica estable, que dure no meses sino a\u00f1os. Arroyo asegur\u00f3 que a\u00fan no est\u00e1 definido ni a partir de cu\u00e1ndo podr\u00eda implementase, ni tampoco por qu\u00e9 montos. &#8220;Realmente estamos en los pasos previos de ir estudi\u00e1ndolo, analiz\u00e1ndolo. Ahora estamos en el medio del pago del IFE y de la pandemia. Son pol\u00edticas a ir debatiendo y consensuando&#8221;.<\/p>\n<p>El ministro cree que la propuesta tendr\u00eda el apoyo de la mayor parte del arco pol\u00edtico, como sucedi\u00f3 en Espa\u00f1a, as\u00ed como del sector empresarial. &#8220;Creo que va a tener apoyo porque las empresas necesitan que haya consumo, no ser\u00eda s\u00f3lo un herramienta de contenci\u00f3n sino una v\u00eda para reactivar la econom\u00eda&#8221;.<\/p>\n<p>El Ingreso Familiar de Emergencia, que cubre a nueve millones de argentinos, va por el segundo pago. El estado est\u00e1 cubriendo, por otra parte, a dos millones y medio de trabajadores del sector privado con ATP, el programa de Atenci\u00f3n de Emergencia al Trabajo. Si se suma a los trabajadores de la administraci\u00f3n p\u00fablica, se ve un paraguas que, con distintos alcances, est\u00e1 garantizando ingresos a pr\u00e1cticamente toda la poblaci\u00f3n econ\u00f3micamente activa.<\/p>\n","protected":false},"excerpt":{"rendered":"<p>El ministro de Desarrollo Social, Daniel Arroyo, adelant\u00f3 que el proyecto &#8220;tiene que funcionar junto al programa Potenciar Trabajo y a la urbanizaci\u00f3n de las villas y asentamientos\u201d. Advirti\u00f3 que la pandemia \u201cnos va a dejar una situaci\u00f3n muy cr\u00edtica, con mucha gente que perdi\u00f3 ingresos y trabajos\u201d &nbsp; &nbsp; El gobierno avanza en la idea de implementar de un ingreso universal, una renta base para aquellos trabajadores informales que vienen de varios a\u00f1os de sufrir la ca\u00edda de sus ingresos y que con la pandemia se quedaron sin una&#8230;<\/p>\n","protected":false},"author":3,"featured_media":60638,"comment_status":"closed","ping_status":"closed","sticky":false,"template":"","format":"standard","meta":[],"categories":[18],"tags":[],"_links":{"self":[{"href":"https:\/\/www.actualidadadiario.com\/index.php\/wp-json\/wp\/v2\/posts\/63238"}],"collection":[{"href":"https:\/\/www.actualidadadiario.com\/index.php\/wp-json\/wp\/v2\/posts"}],"about":[{"href":"https:\/\/www.actualidadadiario.com\/index.php\/wp-json\/wp\/v2\/types\/post"}],"author":[{"embeddable":true,"href":"https:\/\/www.actualidadadiario.com\/index.php\/wp-json\/wp\/v2\/users\/3"}],"replies":[{"embeddable":true,"href":"https:\/\/www.actualidadadiario.com\/index.php\/wp-json\/wp\/v2\/comments?post=63238"}],"version-history":[{"count":1,"href":"https:\/\/www.actualidadadiario.com\/index.php\/wp-json\/wp\/v2\/posts\/63238\/revisions"}],"predecessor-version":[{"id":63239,"href":"https:\/\/www.actualidadadiario.com\/index.php\/wp-json\/wp\/v2\/posts\/63238\/revisions\/63239"}],"wp:featuredmedia":[{"embeddable":true,"href":"https:\/\/www.actualidadadiario.com\/index.php\/wp-json\/wp\/v2\/media\/60638"}],"wp:attachment":[{"href":"https:\/\/www.actualidadadiario.com\/index.php\/wp-json\/wp\/v2\/media?parent=63238"}],"wp:term":[{"taxonomy":"category","embeddable":true,"href":"https:\/\/www.actualidadadiario.com\/index.php\/wp-json\/wp\/v2\/categories?post=63238"},{"taxonomy":"post_tag","embeddable":true,"href":"https:\/\/www.actualidadadiario.com\/index.php\/wp-json\/wp\/v2\/tags?post=63238"}],"curies":[{"name":"wp","href":"https:\/\/api.w.org\/{rel}","templated":true}]}}