{"id":63236,"date":"2020-06-23T12:48:33","date_gmt":"2020-06-23T15:48:33","guid":{"rendered":"https:\/\/www.actualidadadiario.com\/?p=63236"},"modified":"2020-06-23T12:48:33","modified_gmt":"2020-06-23T15:48:33","slug":"ex-espia-dijo-que-toda-la-informacion-subia-de-manera-detallada-a-majdalani-y-a-arribas","status":"publish","type":"post","link":"https:\/\/www.actualidadadiario.com\/index.php\/2020\/06\/23\/ex-espia-dijo-que-toda-la-informacion-subia-de-manera-detallada-a-majdalani-y-a-arribas\/","title":{"rendered":"Ex esp\u00eda dijo que \u201ctoda la informaci\u00f3n sub\u00eda de manera detallada a Majdalani y a Arribas\u201d"},"content":{"rendered":"<p style=\"text-align: center;\"><em><strong>La ex agente de la AFI Mercedes Funes Silva sostuvo hoy por escrito ante la comisi\u00f3n bicameral de Control y Seguimiento de Organismos de Inteligencia que toda informaci\u00f3n que recolectaba el equipo que integraba \u201csub\u00eda de manera pormenorizada a (Silvia) Majdalani y (Gustavo) Arribas\u201d<\/strong><\/em><\/p>\n<p>&nbsp;<\/p>\n<p>&nbsp;<\/p>\n<p>La ex agente de la AFI Mercedes Funes Silva sostuvo hoy por escrito ante la comisi\u00f3n bicameral de Control y Seguimiento de Organismos de Inteligencia que toda informaci\u00f3n que recolectaba el equipo que integraba \u201csub\u00eda de manera pormenorizada a (Silvia) Majdalani y (Gustavo) Arribas\u201d.<\/p>\n<p>La ex esp\u00eda estaba llamada a declarar ante la comisi\u00f3n en el marco de las reuniones que mantiene ese cuerpo para analizar las denuncias sobre presunto espionaje ilegal durante el gobierno de Mauricio Macri, pero se limit\u00f3 a presentar un escrito de su autor\u00eda y rechaz\u00f3 la posibilidad de responder preguntas.<\/p>\n<p>\u201cLa AFI era una sola y su estructura de mando tambi\u00e9n era \u00fanica, piramidal y comenzaba en Gustavo Arribas, continuaba en Silvia Majdalani y en lo que respecta a la cadena de mandos mis superiores fueron las personas que ocuparon sucesivamente el cargo de director de Contrainteligencia, de Operaciones y Operaciones Especiales\u201d, sostuvo, seg\u00fan el contenido del escrito.<\/p>\n","protected":false},"excerpt":{"rendered":"<p>La ex agente de la AFI Mercedes Funes Silva sostuvo hoy por escrito ante la comisi\u00f3n bicameral de Control y Seguimiento de Organismos de Inteligencia que toda informaci\u00f3n que recolectaba el equipo que integraba \u201csub\u00eda de manera pormenorizada a (Silvia) Majdalani y (Gustavo) Arribas\u201d &nbsp; &nbsp; La ex agente de la AFI Mercedes Funes Silva sostuvo hoy por escrito ante la comisi\u00f3n bicameral de Control y Seguimiento de Organismos de Inteligencia que toda informaci\u00f3n que recolectaba el equipo que integraba \u201csub\u00eda de manera pormenorizada a (Silvia) Majdalani y (Gustavo) Arribas\u201d&#8230;.<\/p>\n","protected":false},"author":3,"featured_media":42988,"comment_status":"closed","ping_status":"closed","sticky":false,"template":"","format":"standard","meta":[],"categories":[18],"tags":[],"_links":{"self":[{"href":"https:\/\/www.actualidadadiario.com\/index.php\/wp-json\/wp\/v2\/posts\/63236"}],"collection":[{"href":"https:\/\/www.actualidadadiario.com\/index.php\/wp-json\/wp\/v2\/posts"}],"about":[{"href":"https:\/\/www.actualidadadiario.com\/index.php\/wp-json\/wp\/v2\/types\/post"}],"author":[{"embeddable":true,"href":"https:\/\/www.actualidadadiario.com\/index.php\/wp-json\/wp\/v2\/users\/3"}],"replies":[{"embeddable":true,"href":"https:\/\/www.actualidadadiario.com\/index.php\/wp-json\/wp\/v2\/comments?post=63236"}],"version-history":[{"count":1,"href":"https:\/\/www.actualidadadiario.com\/index.php\/wp-json\/wp\/v2\/posts\/63236\/revisions"}],"predecessor-version":[{"id":63237,"href":"https:\/\/www.actualidadadiario.com\/index.php\/wp-json\/wp\/v2\/posts\/63236\/revisions\/63237"}],"wp:featuredmedia":[{"embeddable":true,"href":"https:\/\/www.actualidadadiario.com\/index.php\/wp-json\/wp\/v2\/media\/42988"}],"wp:attachment":[{"href":"https:\/\/www.actualidadadiario.com\/index.php\/wp-json\/wp\/v2\/media?parent=63236"}],"wp:term":[{"taxonomy":"category","embeddable":true,"href":"https:\/\/www.actualidadadiario.com\/index.php\/wp-json\/wp\/v2\/categories?post=63236"},{"taxonomy":"post_tag","embeddable":true,"href":"https:\/\/www.actualidadadiario.com\/index.php\/wp-json\/wp\/v2\/tags?post=63236"}],"curies":[{"name":"wp","href":"https:\/\/api.w.org\/{rel}","templated":true}]}}