{"id":63231,"date":"2020-06-23T12:47:02","date_gmt":"2020-06-23T15:47:02","guid":{"rendered":"https:\/\/www.actualidadadiario.com\/?p=63231"},"modified":"2020-06-23T12:47:02","modified_gmt":"2020-06-23T15:47:02","slug":"gines-gonzalez-garcia-hoy-la-capacidad-de-contagio-es-mucho-mayor","status":"publish","type":"post","link":"https:\/\/www.actualidadadiario.com\/index.php\/2020\/06\/23\/gines-gonzalez-garcia-hoy-la-capacidad-de-contagio-es-mucho-mayor\/","title":{"rendered":"Gin\u00e9s Gonz\u00e1lez Garc\u00eda: &#8220;Hoy la capacidad de contagio es mucho mayor&#8221;"},"content":{"rendered":"<p style=\"text-align: center;\"><em><strong>El Ministro de Salud de la Naci\u00f3n, Gin\u00e9s Gonz\u00e1lez Garc\u00eda, particip\u00f3 este lunes de la donaci\u00f3n de 50 respiradores fabricados en C\u00f3rdoba para la Superintendencia de Servicios de Salud<\/strong><\/em><\/p>\n<p>&nbsp;<\/p>\n<p>El Ministro de Salud de la Naci\u00f3n, Gin\u00e9s Gonz\u00e1lez Garc\u00eda, particip\u00f3 este lunes de la donaci\u00f3n de 50 respiradores fabricados en C\u00f3rdoba para la Superintendencia de Servicios de Salud.<\/p>\n<p>En di\u00e1logo con C5N asegur\u00f3 que &#8220;hoy la capacidad de contagio es mucho mayor&#8221; y adem\u00e1s afirm\u00f3 que &#8220;los respiradores hoy no son un problema central, lo que parec\u00eda un problema lo hemos resuelto&#8221; puesto que reforzaron notablemente la producci\u00f3n local del equipamiento.<\/p>\n<p>Por otro lado se\u00f1al\u00f3: &#8220;La gran diferencia de los primeros casos es que eran importados, hoy no pasa eso, hay circulaci\u00f3n comunitaria, esto significa que est\u00e1 el virus corriendo y la capacidad de contagios es infinitamente mayor&#8221;.<\/p>\n<p>&#8220;La magnitud del problema es much\u00edsimo mayor, esa es la gran diferencia que hay con el principio&#8221;, remarc\u00f3.<\/p>\n<p>El Ministro tambi\u00e9n detall\u00f3 que se est\u00e1n produciendo en el pa\u00eds 300 respiradores por semana. La donaci\u00f3n que se realiz\u00f3 este lunes ser\u00e1 distribuida de manera equitativa por la Superintendencia de Servicios de Salud entre las obras sociales y hospitales.<\/p>\n<p>Por \u00faltimo remarc\u00f3 la importancia del continuar con el Operativo DETeCTAr, &#8220;tenemos que localizar los casos, identificarlos y salir a buscarlos&#8221;.<\/p>\n","protected":false},"excerpt":{"rendered":"<p>El Ministro de Salud de la Naci\u00f3n, Gin\u00e9s Gonz\u00e1lez Garc\u00eda, particip\u00f3 este lunes de la donaci\u00f3n de 50 respiradores fabricados en C\u00f3rdoba para la Superintendencia de Servicios de Salud &nbsp; El Ministro de Salud de la Naci\u00f3n, Gin\u00e9s Gonz\u00e1lez Garc\u00eda, particip\u00f3 este lunes de la donaci\u00f3n de 50 respiradores fabricados en C\u00f3rdoba para la Superintendencia de Servicios de Salud. En di\u00e1logo con C5N asegur\u00f3 que &#8220;hoy la capacidad de contagio es mucho mayor&#8221; y adem\u00e1s afirm\u00f3 que &#8220;los respiradores hoy no son un problema central, lo que parec\u00eda un problema&#8230;<\/p>\n","protected":false},"author":3,"featured_media":63232,"comment_status":"closed","ping_status":"closed","sticky":false,"template":"","format":"standard","meta":[],"categories":[18],"tags":[],"_links":{"self":[{"href":"https:\/\/www.actualidadadiario.com\/index.php\/wp-json\/wp\/v2\/posts\/63231"}],"collection":[{"href":"https:\/\/www.actualidadadiario.com\/index.php\/wp-json\/wp\/v2\/posts"}],"about":[{"href":"https:\/\/www.actualidadadiario.com\/index.php\/wp-json\/wp\/v2\/types\/post"}],"author":[{"embeddable":true,"href":"https:\/\/www.actualidadadiario.com\/index.php\/wp-json\/wp\/v2\/users\/3"}],"replies":[{"embeddable":true,"href":"https:\/\/www.actualidadadiario.com\/index.php\/wp-json\/wp\/v2\/comments?post=63231"}],"version-history":[{"count":1,"href":"https:\/\/www.actualidadadiario.com\/index.php\/wp-json\/wp\/v2\/posts\/63231\/revisions"}],"predecessor-version":[{"id":63233,"href":"https:\/\/www.actualidadadiario.com\/index.php\/wp-json\/wp\/v2\/posts\/63231\/revisions\/63233"}],"wp:featuredmedia":[{"embeddable":true,"href":"https:\/\/www.actualidadadiario.com\/index.php\/wp-json\/wp\/v2\/media\/63232"}],"wp:attachment":[{"href":"https:\/\/www.actualidadadiario.com\/index.php\/wp-json\/wp\/v2\/media?parent=63231"}],"wp:term":[{"taxonomy":"category","embeddable":true,"href":"https:\/\/www.actualidadadiario.com\/index.php\/wp-json\/wp\/v2\/categories?post=63231"},{"taxonomy":"post_tag","embeddable":true,"href":"https:\/\/www.actualidadadiario.com\/index.php\/wp-json\/wp\/v2\/tags?post=63231"}],"curies":[{"name":"wp","href":"https:\/\/api.w.org\/{rel}","templated":true}]}}