{"id":63228,"date":"2020-06-23T12:46:13","date_gmt":"2020-06-23T15:46:13","guid":{"rendered":"https:\/\/www.actualidadadiario.com\/?p=63228"},"modified":"2020-06-23T12:46:13","modified_gmt":"2020-06-23T15:46:13","slug":"alberto-se-refirio-a-la-postracion-economica-de-argentina","status":"publish","type":"post","link":"https:\/\/www.actualidadadiario.com\/index.php\/2020\/06\/23\/alberto-se-refirio-a-la-postracion-economica-de-argentina\/","title":{"rendered":"Alberto se refiri\u00f3 a la &#8220;postraci\u00f3n&#8221; econ\u00f3mica de Argentina"},"content":{"rendered":"<p style=\"text-align: center;\"><em><strong>El presidente de la Naci\u00f3n, Alberto Fern\u00e1ndez, se refiri\u00f3 al funcionamiento de la econom\u00eda en marco de la pandemia. Fue a trav\u00e9s de una publicaci\u00f3n en su cuenta de Twitter, donde comparti\u00f3 un video del Ministerio de Desarrollo Productivo, liderado por Mat\u00edas Kulfas. El mandatario se\u00f1al\u00f3 que el material responde la pregunta de aquellos que est\u00e1n interesados en conocer la situaci\u00f3n financiera del pa\u00eds<\/strong><\/em><\/p>\n<p>&nbsp;<\/p>\n<p>\u201cQuienes quieran conocer c\u00f3mo est\u00e1 funcionando la econom\u00eda hoy y c\u00f3mo ayudamos a los m\u00e1s necesitados durante la pandemia, puedan encontrar la respuesta en este video\u201d, encabez\u00f3 el mandatario en el posteo de la red social. Adem\u00e1s, apunt\u00f3 a la gesti\u00f3n anterior presidida por Mauricio Macri: \u201cTrabajamos cada d\u00eda para levantar a la Argentina de la postraci\u00f3n en la que estaba\u201d.<\/p>\n<p>La cartera de Desarrollo Productivo comparti\u00f3 un video sobre las acciones del Gobiernos para la reactivaci\u00f3n de la econom\u00eda. \u201cUnidos y cuid\u00e1ndonos, estamos poniendo a la Argentina de pi\u00e9\u201d, expresaron desde el Ministerio en medio de la emergencia sanitaria. El contenido audiovisual fue publicado en YouTube y divide al pa\u00eds en dos sectores: el \u00c1rea Metropolitana de Buenos Aires y el resto del territorio.<\/p>\n<p>De acuerdo con la publicaci\u00f3n del Ministerio de Desarrollo Productivo, la industria manufacturera est\u00e1 totalmente habilitada en el interior del pa\u00eds. \u201cLa actividad pas\u00f3 del 54% en abril al 80% en junio\u201d, indicaron a nivel general y luego precisaron la situaci\u00f3n de cada sector. \u201cUna buena manera de medir si las empresas se est\u00e1n recuperando es ver el consumo de energ\u00eda\u201d, se\u00f1alaron y agregaron: \u201cCuando las empresas dejan de trabajar apagan sus m\u00e1quinas\u201d.<\/p>\n<p>En esta l\u00ednea, indic\u00f3 que la reactivaci\u00f3n tambi\u00e9n lleg\u00f3 al 85% de los comercios y al 95% en algunas provincias, realizando una comparaci\u00f3n con los primeros d\u00edas del aislamiento social, preventivo y obligatorio. No obstante, especificaron que en el \u00c1rea Metropolitana de Buenos Aires la reapertura se est\u00e1 dando a un ritmo m\u00e1s lento debido a la cantidad de poblaci\u00f3n y la dificultad de controlar la propagaci\u00f3n del coronavirus.<\/p>\n<p>Por otra parte, destacaron la asistencia del Estado frente a las consecuencias sociales de la pandemia. De este modo, comentaron que de las 45 millones de personas que habitan en Argentina, 21 millones reciben ingresos por parte del Gobierno. Los beneficios econ\u00f3micos son recibidos a trav\u00e9s del empleo, las jubilaciones, el Ingreso Familiar de Emergencia (IFE) y el Programa de Asistencia de Emergencia al Trabajo y la Producci\u00f3n (ATP).<\/p>\n","protected":false},"excerpt":{"rendered":"<p>El presidente de la Naci\u00f3n, Alberto Fern\u00e1ndez, se refiri\u00f3 al funcionamiento de la econom\u00eda en marco de la pandemia. Fue a trav\u00e9s de una publicaci\u00f3n en su cuenta de Twitter, donde comparti\u00f3 un video del Ministerio de Desarrollo Productivo, liderado por Mat\u00edas Kulfas. El mandatario se\u00f1al\u00f3 que el material responde la pregunta de aquellos que est\u00e1n interesados en conocer la situaci\u00f3n financiera del pa\u00eds &nbsp; \u201cQuienes quieran conocer c\u00f3mo est\u00e1 funcionando la econom\u00eda hoy y c\u00f3mo ayudamos a los m\u00e1s necesitados durante la pandemia, puedan encontrar la respuesta en este&#8230;<\/p>\n","protected":false},"author":3,"featured_media":63229,"comment_status":"closed","ping_status":"closed","sticky":false,"template":"","format":"standard","meta":[],"categories":[9],"tags":[],"_links":{"self":[{"href":"https:\/\/www.actualidadadiario.com\/index.php\/wp-json\/wp\/v2\/posts\/63228"}],"collection":[{"href":"https:\/\/www.actualidadadiario.com\/index.php\/wp-json\/wp\/v2\/posts"}],"about":[{"href":"https:\/\/www.actualidadadiario.com\/index.php\/wp-json\/wp\/v2\/types\/post"}],"author":[{"embeddable":true,"href":"https:\/\/www.actualidadadiario.com\/index.php\/wp-json\/wp\/v2\/users\/3"}],"replies":[{"embeddable":true,"href":"https:\/\/www.actualidadadiario.com\/index.php\/wp-json\/wp\/v2\/comments?post=63228"}],"version-history":[{"count":1,"href":"https:\/\/www.actualidadadiario.com\/index.php\/wp-json\/wp\/v2\/posts\/63228\/revisions"}],"predecessor-version":[{"id":63230,"href":"https:\/\/www.actualidadadiario.com\/index.php\/wp-json\/wp\/v2\/posts\/63228\/revisions\/63230"}],"wp:featuredmedia":[{"embeddable":true,"href":"https:\/\/www.actualidadadiario.com\/index.php\/wp-json\/wp\/v2\/media\/63229"}],"wp:attachment":[{"href":"https:\/\/www.actualidadadiario.com\/index.php\/wp-json\/wp\/v2\/media?parent=63228"}],"wp:term":[{"taxonomy":"category","embeddable":true,"href":"https:\/\/www.actualidadadiario.com\/index.php\/wp-json\/wp\/v2\/categories?post=63228"},{"taxonomy":"post_tag","embeddable":true,"href":"https:\/\/www.actualidadadiario.com\/index.php\/wp-json\/wp\/v2\/tags?post=63228"}],"curies":[{"name":"wp","href":"https:\/\/api.w.org\/{rel}","templated":true}]}}