{"id":63225,"date":"2020-06-23T12:45:31","date_gmt":"2020-06-23T15:45:31","guid":{"rendered":"https:\/\/www.actualidadadiario.com\/?p=63225"},"modified":"2020-06-23T12:45:31","modified_gmt":"2020-06-23T15:45:31","slug":"acuerdan-endurecer-la-cuarentena-pero-temen-que-la-gente-no-la-cumpla","status":"publish","type":"post","link":"https:\/\/www.actualidadadiario.com\/index.php\/2020\/06\/23\/acuerdan-endurecer-la-cuarentena-pero-temen-que-la-gente-no-la-cumpla\/","title":{"rendered":"Acuerdan endurecer la cuarentena pero temen que la gente no la cumpla"},"content":{"rendered":"<p style=\"text-align: center;\"><em><strong>Entre jueves y viernes se volver\u00e1n a reunir Alberto, Kicillof y Larreta para definir la pr\u00f3xima fase<\/strong><\/em><\/p>\n<p>&nbsp;<\/p>\n<p>&nbsp;<\/p>\n<p>El Gobierno nacional, la Ciudad y la provincia llegaron a un acuerdo para endurecer la cuarentena a partir de la semana que viene, aunque temen que la gente no la cumpla.<\/p>\n<p>Alberto Fern\u00e1ndez, Axel Kicillof y Horacio Rodr\u00edguez Larreta se reunieron este lunes en Olivos y no se sacaron fotos. Si bien no hubo anuncios, se lleg\u00f3 al consenso de restringir la medida de aislamiento si la curva de contagios sigue en aumento.<\/p>\n<p>La Ciudad est\u00e1 de acuerdo en endurecer las medidas, pero esperaba hacerlo m\u00e1s adelante porque confiaba en que la curva de casos porte\u00f1os siguiera en un promedio de entre 600 y 700 contagios diarios.<\/p>\n<p>Este lunes la Ciudad tuvo m\u00e1s de 1000 por primera vez y el pico de m\u00e1s de 2 mil casos en el \u00e1rea metropolitana dej\u00f3 sin argumentos a la administraci\u00f3n porte\u00f1a para postergar las restricciones. En ese sentido, los tres mandatarios se volver\u00e1n a ver entre el jueves y viernes para definir el retroceso de fase de la cuarentena que se hab\u00eda extendido hasta el 28 de junio y Alberto har\u00eda los anuncios el fin de semana.<\/p>\n<p>Pese al acuerdo para endurecer las medidas, sigue habiendo diferentes posturas entre las tres jurisdicciones. En la provincia son partidarios de cerrar todo por el p\u00e1nico que est\u00e1 gan\u00e1ndole a las filas de Kicillof con el aumento de casos e incluso Sergio Berni propuso una &#8220;fase 0&#8221; sin transporte p\u00fablico en el \u00e1rea metropolitana. Pero el Gobierno nacional no s\u00f3lo no est\u00e1 de acuerdo con eso sino que tiene un punto de coincidencia con el gobierno porte\u00f1o en que una cuarentena &#8220;hard&#8221; ser\u00e1 dif\u00edcil de aplicar.<\/p>\n<p>&#8220;Sabemos que nadie nos va dar bola&#8221;, reconoci\u00f3 un funcionario de confianza de Larreta, que admiti\u00f3 que una dr\u00e1stica vuelta atr\u00e1s ser\u00e1 reconocer que el aislamiento de 100 d\u00edas fue un &#8220;fracaso&#8221;.<\/p>\n<p>Este medio anticip\u00f3 que la cuarentena perdi\u00f3 una fuerte adhesi\u00f3n en el \u00faltimo mes y eso peg\u00f3 en la imagen de la gesti\u00f3n de Alberto.<\/p>\n<p>El incumplimiento de la cuarentena es entonces la principal traba para volver a la fase 1 y por eso en las \u00faltimas horas ya se habl\u00f3 de volver a una fase 2, con ciertas actividades habilitadas. &#8220;En la fase 1 te multaban por caminar sin permiso y no se pod\u00eda ir al super de a dos, cuesta imaginarse ese escenario hoy&#8221;, dijeron a este medio.<\/p>\n","protected":false},"excerpt":{"rendered":"<p>Entre jueves y viernes se volver\u00e1n a reunir Alberto, Kicillof y Larreta para definir la pr\u00f3xima fase &nbsp; &nbsp; El Gobierno nacional, la Ciudad y la provincia llegaron a un acuerdo para endurecer la cuarentena a partir de la semana que viene, aunque temen que la gente no la cumpla. Alberto Fern\u00e1ndez, Axel Kicillof y Horacio Rodr\u00edguez Larreta se reunieron este lunes en Olivos y no se sacaron fotos. Si bien no hubo anuncios, se lleg\u00f3 al consenso de restringir la medida de aislamiento si la curva de contagios sigue&#8230;<\/p>\n","protected":false},"author":3,"featured_media":63226,"comment_status":"closed","ping_status":"closed","sticky":false,"template":"","format":"standard","meta":[],"categories":[9],"tags":[],"_links":{"self":[{"href":"https:\/\/www.actualidadadiario.com\/index.php\/wp-json\/wp\/v2\/posts\/63225"}],"collection":[{"href":"https:\/\/www.actualidadadiario.com\/index.php\/wp-json\/wp\/v2\/posts"}],"about":[{"href":"https:\/\/www.actualidadadiario.com\/index.php\/wp-json\/wp\/v2\/types\/post"}],"author":[{"embeddable":true,"href":"https:\/\/www.actualidadadiario.com\/index.php\/wp-json\/wp\/v2\/users\/3"}],"replies":[{"embeddable":true,"href":"https:\/\/www.actualidadadiario.com\/index.php\/wp-json\/wp\/v2\/comments?post=63225"}],"version-history":[{"count":1,"href":"https:\/\/www.actualidadadiario.com\/index.php\/wp-json\/wp\/v2\/posts\/63225\/revisions"}],"predecessor-version":[{"id":63227,"href":"https:\/\/www.actualidadadiario.com\/index.php\/wp-json\/wp\/v2\/posts\/63225\/revisions\/63227"}],"wp:featuredmedia":[{"embeddable":true,"href":"https:\/\/www.actualidadadiario.com\/index.php\/wp-json\/wp\/v2\/media\/63226"}],"wp:attachment":[{"href":"https:\/\/www.actualidadadiario.com\/index.php\/wp-json\/wp\/v2\/media?parent=63225"}],"wp:term":[{"taxonomy":"category","embeddable":true,"href":"https:\/\/www.actualidadadiario.com\/index.php\/wp-json\/wp\/v2\/categories?post=63225"},{"taxonomy":"post_tag","embeddable":true,"href":"https:\/\/www.actualidadadiario.com\/index.php\/wp-json\/wp\/v2\/tags?post=63225"}],"curies":[{"name":"wp","href":"https:\/\/api.w.org\/{rel}","templated":true}]}}