{"id":63220,"date":"2020-06-23T12:43:43","date_gmt":"2020-06-23T15:43:43","guid":{"rendered":"https:\/\/www.actualidadadiario.com\/?p=63220"},"modified":"2020-06-23T12:43:43","modified_gmt":"2020-06-23T15:43:43","slug":"hoy-se-conocera-cuanto-cayo-la-economia-en-el-primer-trimestre","status":"publish","type":"post","link":"https:\/\/www.actualidadadiario.com\/index.php\/2020\/06\/23\/hoy-se-conocera-cuanto-cayo-la-economia-en-el-primer-trimestre\/","title":{"rendered":"Hoy se conocer\u00e1 cu\u00e1nto cay\u00f3 la econom\u00eda en el primer trimestre"},"content":{"rendered":"<p style=\"text-align: center;\"><em><strong>Las estimaciones de los analistas oscilaron entre una contracci\u00f3n m\u00ednima y m\u00e1xima para el primer trimestre del 2020 de entre 4,4% y 6,7%, respectivamente, seg\u00fan el sondeo<\/strong><\/em><\/p>\n<p>&nbsp;<\/p>\n<p>&nbsp;<\/p>\n<p>El INDEC informar\u00e1 hoy cu\u00e1l fue la magnitud de la ca\u00edda del Producto Interno Bruto (PIB) en el primer trimestre del a\u00f1o, que seg\u00fan consultoras privadas habr\u00eda tenido una baja del 5,5%.<\/p>\n<p>La estimaci\u00f3n de analistas locales y extranjeros en una encuesta realizada por Reuters se\u00f1ala como principal motivo de la ca\u00edda en recesi\u00f3n al freno de la actividad impuesto por el aislamiento obligatorio aplicado por la pandemia de coronavirus.<\/p>\n<p>Pero la cuarentena se aplic\u00f3 reci\u00e9n el 20 de marzo \u00faltimo, casi sobre el final del tercer trimestre, por lo que analistas adjudican sobre todo a problemas de fondo en la econom\u00eda, el retroceso en el nivel de actividad.<\/p>\n<p>Seg\u00fan la fundaci\u00f3n Libertad y Progreso, &#8220;las actividades industriales, el comercio y el turismo ser\u00e1n las ramas que expliquen la mayor parte del retroceso del primer trimestre&#8221;. Aclar\u00f3 que &#8220;igualmente, todav\u00eda no se va a sentir el impacto de la pandemia, ya que la cuarentena comenz\u00f3 a mitad de marzo&#8221;.<\/p>\n","protected":false},"excerpt":{"rendered":"<p>Las estimaciones de los analistas oscilaron entre una contracci\u00f3n m\u00ednima y m\u00e1xima para el primer trimestre del 2020 de entre 4,4% y 6,7%, respectivamente, seg\u00fan el sondeo &nbsp; &nbsp; El INDEC informar\u00e1 hoy cu\u00e1l fue la magnitud de la ca\u00edda del Producto Interno Bruto (PIB) en el primer trimestre del a\u00f1o, que seg\u00fan consultoras privadas habr\u00eda tenido una baja del 5,5%. La estimaci\u00f3n de analistas locales y extranjeros en una encuesta realizada por Reuters se\u00f1ala como principal motivo de la ca\u00edda en recesi\u00f3n al freno de la actividad impuesto por&#8230;<\/p>\n","protected":false},"author":3,"featured_media":10912,"comment_status":"closed","ping_status":"closed","sticky":false,"template":"","format":"standard","meta":[],"categories":[2],"tags":[],"_links":{"self":[{"href":"https:\/\/www.actualidadadiario.com\/index.php\/wp-json\/wp\/v2\/posts\/63220"}],"collection":[{"href":"https:\/\/www.actualidadadiario.com\/index.php\/wp-json\/wp\/v2\/posts"}],"about":[{"href":"https:\/\/www.actualidadadiario.com\/index.php\/wp-json\/wp\/v2\/types\/post"}],"author":[{"embeddable":true,"href":"https:\/\/www.actualidadadiario.com\/index.php\/wp-json\/wp\/v2\/users\/3"}],"replies":[{"embeddable":true,"href":"https:\/\/www.actualidadadiario.com\/index.php\/wp-json\/wp\/v2\/comments?post=63220"}],"version-history":[{"count":1,"href":"https:\/\/www.actualidadadiario.com\/index.php\/wp-json\/wp\/v2\/posts\/63220\/revisions"}],"predecessor-version":[{"id":63221,"href":"https:\/\/www.actualidadadiario.com\/index.php\/wp-json\/wp\/v2\/posts\/63220\/revisions\/63221"}],"wp:featuredmedia":[{"embeddable":true,"href":"https:\/\/www.actualidadadiario.com\/index.php\/wp-json\/wp\/v2\/media\/10912"}],"wp:attachment":[{"href":"https:\/\/www.actualidadadiario.com\/index.php\/wp-json\/wp\/v2\/media?parent=63220"}],"wp:term":[{"taxonomy":"category","embeddable":true,"href":"https:\/\/www.actualidadadiario.com\/index.php\/wp-json\/wp\/v2\/categories?post=63220"},{"taxonomy":"post_tag","embeddable":true,"href":"https:\/\/www.actualidadadiario.com\/index.php\/wp-json\/wp\/v2\/tags?post=63220"}],"curies":[{"name":"wp","href":"https:\/\/api.w.org\/{rel}","templated":true}]}}