{"id":63218,"date":"2020-06-23T12:43:03","date_gmt":"2020-06-23T15:43:03","guid":{"rendered":"https:\/\/www.actualidadadiario.com\/?p=63218"},"modified":"2020-06-23T12:43:03","modified_gmt":"2020-06-23T15:43:03","slug":"pymes-piden-prorrogar-ahora-12","status":"publish","type":"post","link":"https:\/\/www.actualidadadiario.com\/index.php\/2020\/06\/23\/pymes-piden-prorrogar-ahora-12\/","title":{"rendered":"Pymes piden prorrogar Ahora 12"},"content":{"rendered":"<p style=\"text-align: center;\"><em><strong>Lo solicit\u00f3 la Confederaci\u00f3n General Empresaria de la Rep\u00fablica Argentina (CGERA). &#8220;Los empresarios industriales consideramos que Ahora 12 deber\u00eda ser prorrogada para que las Pymes puedan impulsar sus ventas en el marco del aislamiento social, preventivo y obligatorio&#8221;, afirm\u00f3 el presidente de la entidad, Marcelo Fern\u00e1ndez<\/strong><\/em><\/p>\n<p>&nbsp;<\/p>\n<p>&nbsp;<\/p>\n<p>\u201cLos empresarios industriales consideramos que Ahora 12 es una herramienta que ha servido y que deber\u00eda ser prorrogada para que las Pymes puedan impulsar sus ventas en el marco del aislamiento social, preventivo y obligatorio\u201d, afirm\u00f3 Marcelo Fern\u00e1ndez, Presidente de CGERA.<\/p>\n<p>En la misma l\u00ednea, el Vicepresidente de CGERA y Presidente de la C\u00e1mara Argentina del Sweater, Pedro Bergaglio, destac\u00f3 que &#8220;la necesidad de la renovaci\u00f3n es meridiana, ya que ante la ca\u00edda del consumo que ven\u00edamos teniendo el a\u00f1o pasado y este tiempo de cuarentena que estamos viviendo por esta tr\u00e1gica pandemia, es muy importante para sostener las ventas, sobre todo el retail minorista&#8221;. Asimismo, Bergaglio manifest\u00f3 que &#8220;es una ayuda m\u00e1s para que la gente pueda consumir, teniendo en cuenta que en muchos locales la venta con tarjetas de cr\u00e9dito representa alrededor de 80% de los consumos del sector&#8221;.<\/p>\n<p>Por su parte, el dirigente de CGERA y Presidente de la C\u00e1mara Industrial de Manufacturas del Cuero y Afines (CIMA), Luciano Ciambella, asegur\u00f3 que \u201cpara nuestro sector es imprescindible el Ahora 12 como cualquier incentivo que podamos recibir porque consideramos que va a ser uno de los \u00faltimos en arrancar en t\u00e9rminos de demanda, ya que son productos relacionados con la circulaci\u00f3n\u201d. \u201cSi el Ahora 12 es un incentivo que se pueda juntar con ofertas o promociones en vistas a la utilizaci\u00f3n posterior de estos productos ser\u00eda de mucha ayuda\u201d, a\u00f1adi\u00f3.<\/p>\n<p>Finalmente, el dirigente de CGERA y Presidente de la C\u00e1mara Argentina de Industrias \u00d3pticas y Afines (CADIOA), Norberto Fermani, afirm\u00f3 que &#8220;es sumamente importante mantener el nivel de compra de los usuarios&#8221; y que &#8220;la renovaci\u00f3n de Ahora 12 es fundamental para un sector tan sensible como el de la salud visual&#8221;. &#8220;Esperemos que el esfuerzo que se hace para poder financiar el programa est\u00e9 dirigido a productos que son financiados en la Argentina; no podemos generar una salida de divisas al exterior por medio del esfuerzo del Gobierno&#8221;, agreg\u00f3.<\/p>\n<p>En este sentido, Fermani solicit\u00f3 que &#8220;tambi\u00e9n se potencien los controles para que se verifique fehacientemente que este gran esfuerzo que hace el Gobierno para mantener vivo el consumo termine beneficiando a toda la cadena de valor y no solo el consumo de productos importados&#8221;.<\/p>\n","protected":false},"excerpt":{"rendered":"<p>Lo solicit\u00f3 la Confederaci\u00f3n General Empresaria de la Rep\u00fablica Argentina (CGERA). &#8220;Los empresarios industriales consideramos que Ahora 12 deber\u00eda ser prorrogada para que las Pymes puedan impulsar sus ventas en el marco del aislamiento social, preventivo y obligatorio&#8221;, afirm\u00f3 el presidente de la entidad, Marcelo Fern\u00e1ndez &nbsp; &nbsp; \u201cLos empresarios industriales consideramos que Ahora 12 es una herramienta que ha servido y que deber\u00eda ser prorrogada para que las Pymes puedan impulsar sus ventas en el marco del aislamiento social, preventivo y obligatorio\u201d, afirm\u00f3 Marcelo Fern\u00e1ndez, Presidente de CGERA. En&#8230;<\/p>\n","protected":false},"author":3,"featured_media":48006,"comment_status":"closed","ping_status":"closed","sticky":false,"template":"","format":"standard","meta":[],"categories":[2],"tags":[],"_links":{"self":[{"href":"https:\/\/www.actualidadadiario.com\/index.php\/wp-json\/wp\/v2\/posts\/63218"}],"collection":[{"href":"https:\/\/www.actualidadadiario.com\/index.php\/wp-json\/wp\/v2\/posts"}],"about":[{"href":"https:\/\/www.actualidadadiario.com\/index.php\/wp-json\/wp\/v2\/types\/post"}],"author":[{"embeddable":true,"href":"https:\/\/www.actualidadadiario.com\/index.php\/wp-json\/wp\/v2\/users\/3"}],"replies":[{"embeddable":true,"href":"https:\/\/www.actualidadadiario.com\/index.php\/wp-json\/wp\/v2\/comments?post=63218"}],"version-history":[{"count":1,"href":"https:\/\/www.actualidadadiario.com\/index.php\/wp-json\/wp\/v2\/posts\/63218\/revisions"}],"predecessor-version":[{"id":63219,"href":"https:\/\/www.actualidadadiario.com\/index.php\/wp-json\/wp\/v2\/posts\/63218\/revisions\/63219"}],"wp:featuredmedia":[{"embeddable":true,"href":"https:\/\/www.actualidadadiario.com\/index.php\/wp-json\/wp\/v2\/media\/48006"}],"wp:attachment":[{"href":"https:\/\/www.actualidadadiario.com\/index.php\/wp-json\/wp\/v2\/media?parent=63218"}],"wp:term":[{"taxonomy":"category","embeddable":true,"href":"https:\/\/www.actualidadadiario.com\/index.php\/wp-json\/wp\/v2\/categories?post=63218"},{"taxonomy":"post_tag","embeddable":true,"href":"https:\/\/www.actualidadadiario.com\/index.php\/wp-json\/wp\/v2\/tags?post=63218"}],"curies":[{"name":"wp","href":"https:\/\/api.w.org\/{rel}","templated":true}]}}