{"id":63215,"date":"2020-06-23T12:42:15","date_gmt":"2020-06-23T15:42:15","guid":{"rendered":"https:\/\/www.actualidadadiario.com\/?p=63215"},"modified":"2020-06-23T12:42:15","modified_gmt":"2020-06-23T15:42:15","slug":"el-retorno-a-clases-sera-con-busqueda-activa-de-sintomas-y-vacunacion","status":"publish","type":"post","link":"https:\/\/www.actualidadadiario.com\/index.php\/2020\/06\/23\/el-retorno-a-clases-sera-con-busqueda-activa-de-sintomas-y-vacunacion\/","title":{"rendered":"El retorno a clases ser\u00e1 con b\u00fasqueda activa de s\u00edntomas y vacunaci\u00f3n"},"content":{"rendered":"<p style=\"text-align: center;\"><em><strong>En su primer encuentro conjunto durante la pandemia, los ministros de Educaci\u00f3n y de Salud nacionales avanzaron con sus pares de las provincias en el protocolo para el regreso a las aulas. Se aplicar\u00e1 &#8220;un sistema de b\u00fasqueda de s\u00edntomas, para activar los protocolos de detecci\u00f3n y aislamiento ante un caso sospechoso&#8221;<\/strong><\/em><\/p>\n<p>&nbsp;<\/p>\n<p>&nbsp;<\/p>\n<p>El Gobierno nacional y las provincias dieron un paso m\u00e1s este lunes en el dise\u00f1o del retorno a las clases presenciales en buena parte del pa\u00eds a principios de agosto, de la mano de una cumbre virtual que reuni\u00f3 por primera vez -en tiempos de pandemia- a los ministros de Educaci\u00f3n, Nicol\u00e1s Trotta, y de Salud, Gin\u00e9s Gonz\u00e1lez Garc\u00eda, con sus pares locales del Consejo Federal de Educaci\u00f3n y del Consejo Federal de Salud.<\/p>\n<p>En el encuentro con los representantes de los gobernadores se avanz\u00f3 en la letra chica de los protocolos que regir\u00e1n a nivel pa\u00eds, en busca de minimizar los riesgos de contagio de coronavirus en un regreso a las escuelas que combinar\u00e1 clases presenciales con virtuales para delinear aulas con menos alumnos y distanciamiento. Ser\u00e1 un blindaje obligatorio y de base, que luego cada mandatario podr\u00e1 profundizar con medidas locales.<\/p>\n<p>En esa l\u00ednea, la reuni\u00f3n arroj\u00f3 dos novedades concretas, ligadas directamente a los temores que cruzan a la comunidad educativa:<\/p>\n<ul>\n<li>una vez que se abran las puertas de escuelas e instituciones, se aplicar\u00e1 \u201cun sistema de b\u00fasqueda de s\u00edntomas, para activar los protocolos de detecci\u00f3n y aislamiento ante un caso sospechoso\u201d, y<\/li>\n<li>se plante\u00f3 la posibilidad de que todos los docentes cuenten con la vacuna antigripal como requisito para la vuelta a clases, adem\u00e1s de trabajar para que ni\u00f1os y adolescentes cuenten con el Calendario de Vacunaci\u00f3n al d\u00eda.<\/li>\n<\/ul>\n<p>\u201cEs importante reforzar las acciones de vacunaci\u00f3n a trav\u00e9s del sistema educativo para evitar enfermedades prevenibles\u201d, enfatiz\u00f3 Gonz\u00e1lez Garc\u00eda.<\/p>\n<p>Desde el Ministerio de Educaci\u00f3n nacional remarcaron que \u201clos protocolos se encuentran en un proceso avanzado de elaboraci\u00f3n y prev\u00e9n, entre otros aspectos, el regreso presencial a las clases de forma regional y en funci\u00f3n de la situaci\u00f3n epidemiol\u00f3gica\u201d.<\/p>\n<p>La mirada est\u00e1 puesta en un retorno despu\u00e9s de las vacaciones de invierno \u2013exploran el 3 de agosto- en buena parte del pa\u00eds, si se mantiene la circulaci\u00f3n del virus en los niveles actuales. Las definiciones para el AMBA y Chaco deber\u00e1n esperar, mientras que R\u00edo Negro ya pone el foco en septiembre.<\/p>\n<p>\u201cDebemos llevar tranquilidad a la comunidad educativa y a las familias con protocolos robustos y acabados para el regreso a las aulas, que se nutren del trabajo conjunto y de las recomendaciones de los expertos en todas las \u00e1reas que nos ocupan\u201d, asegur\u00f3 Trotta.<\/p>\n<p>Frente a los temores que el regreso a las clases presenciales genera en familias y docentes, el ministro remarc\u00f3 adem\u00e1s que \u201ceste proceso tambi\u00e9n demanda consensos entre todos los actores del sistema y para ello es fundamental la coordinaci\u00f3n entre la escuela y los centros de salud, la capacitaci\u00f3n y la informaci\u00f3n transparente\u201d.<\/p>\n<p>En medio del escenario de contrastes que la evoluci\u00f3n de la pandemia deja entre las provincias, en las \u00faltimas horas la gobernadora de R\u00edo Negro, Arabela Carreras, ancl\u00f3 un potencial retorno a las clases presenciales en septiembre.<\/p>\n<p>\u201cEstamos trabajando para que las clases vuelvan en septiembre\u201d, afirm\u00f3, en di\u00e1logo con FM Alas de Catriel, en referencia al avance del dise\u00f1o del protocolo de rigor con la cartera educativa nacional. R\u00edo Negro es la cuarta provincia con m\u00e1s casos de coronavirus, detr\u00e1s de Buenos Aires, CABA y Chaco.<\/p>\n","protected":false},"excerpt":{"rendered":"<p>En su primer encuentro conjunto durante la pandemia, los ministros de Educaci\u00f3n y de Salud nacionales avanzaron con sus pares de las provincias en el protocolo para el regreso a las aulas. Se aplicar\u00e1 &#8220;un sistema de b\u00fasqueda de s\u00edntomas, para activar los protocolos de detecci\u00f3n y aislamiento ante un caso sospechoso&#8221; &nbsp; &nbsp; El Gobierno nacional y las provincias dieron un paso m\u00e1s este lunes en el dise\u00f1o del retorno a las clases presenciales en buena parte del pa\u00eds a principios de agosto, de la mano de una cumbre&#8230;<\/p>\n","protected":false},"author":3,"featured_media":63216,"comment_status":"closed","ping_status":"closed","sticky":false,"template":"","format":"standard","meta":[],"categories":[2],"tags":[],"_links":{"self":[{"href":"https:\/\/www.actualidadadiario.com\/index.php\/wp-json\/wp\/v2\/posts\/63215"}],"collection":[{"href":"https:\/\/www.actualidadadiario.com\/index.php\/wp-json\/wp\/v2\/posts"}],"about":[{"href":"https:\/\/www.actualidadadiario.com\/index.php\/wp-json\/wp\/v2\/types\/post"}],"author":[{"embeddable":true,"href":"https:\/\/www.actualidadadiario.com\/index.php\/wp-json\/wp\/v2\/users\/3"}],"replies":[{"embeddable":true,"href":"https:\/\/www.actualidadadiario.com\/index.php\/wp-json\/wp\/v2\/comments?post=63215"}],"version-history":[{"count":1,"href":"https:\/\/www.actualidadadiario.com\/index.php\/wp-json\/wp\/v2\/posts\/63215\/revisions"}],"predecessor-version":[{"id":63217,"href":"https:\/\/www.actualidadadiario.com\/index.php\/wp-json\/wp\/v2\/posts\/63215\/revisions\/63217"}],"wp:featuredmedia":[{"embeddable":true,"href":"https:\/\/www.actualidadadiario.com\/index.php\/wp-json\/wp\/v2\/media\/63216"}],"wp:attachment":[{"href":"https:\/\/www.actualidadadiario.com\/index.php\/wp-json\/wp\/v2\/media?parent=63215"}],"wp:term":[{"taxonomy":"category","embeddable":true,"href":"https:\/\/www.actualidadadiario.com\/index.php\/wp-json\/wp\/v2\/categories?post=63215"},{"taxonomy":"post_tag","embeddable":true,"href":"https:\/\/www.actualidadadiario.com\/index.php\/wp-json\/wp\/v2\/tags?post=63215"}],"curies":[{"name":"wp","href":"https:\/\/api.w.org\/{rel}","templated":true}]}}