{"id":63208,"date":"2020-06-23T12:40:37","date_gmt":"2020-06-23T15:40:37","guid":{"rendered":"https:\/\/www.actualidadadiario.com\/?p=63208"},"modified":"2020-06-23T12:40:37","modified_gmt":"2020-06-23T15:40:37","slug":"tablet-gratis-para-quienes-son-los-dispositivos-que-repartira-el-gobierno","status":"publish","type":"post","link":"https:\/\/www.actualidadadiario.com\/index.php\/2020\/06\/23\/tablet-gratis-para-quienes-son-los-dispositivos-que-repartira-el-gobierno\/","title":{"rendered":"Tablet gratis: para qui\u00e9nes son los dispositivos que repartir\u00e1 el Gobierno"},"content":{"rendered":"<p style=\"text-align: center;\"><em><strong>El Ente nacional de Comunicaciones (Enacom) resolvi\u00f3 ampliar el programa de entrega de tablets que hasta ahora repart\u00eda a jubilados y mujeres de zonas rurales. En el marco de la emergencia por la pandemia de coronavirus, el organismo tambi\u00e9n distribuir\u00e1 ahora esos dispositivos entre beneficiarios de la Asignaci\u00f3n Universal por Hijo y de otras prestaciones sociales, y monotributistas<\/strong><\/em><\/p>\n<p>&nbsp;<\/p>\n<p>&nbsp;<\/p>\n<p>El objetivo de la ampliaci\u00f3n del Programa Nacional de Acceso a Tecnolog\u00edas de la Informaci\u00f3n y las Comunicaciones es &#8220;posibilitar el acceso a equipamiento que contribuya a la inserci\u00f3n, integraci\u00f3n y desarrollo social mediante el uso de las tecnolog\u00edas de la informaci\u00f3n y las comunicaciones de los sectores m\u00e1s vulnerables de la poblaci\u00f3n a trav\u00e9s de la entrega de tablets&#8221;.<\/p>\n<p>El cambio en el universo de destinatarios del programa le permitir\u00e1 al Enacom llegar con las tablets a los sectores vulnerables de los barrios populares. La pandemia de coronavirus oblig\u00f3 a suspender las clases presenciales e implementar la educaci\u00f3n a distancia y volvi\u00f3 a poner de manifiesto las desigualdades entre los chicos que tienen acceso a la tecnolog\u00eda y los que no.<\/p>\n<p>&nbsp;<\/p>\n<p><strong>Qui\u00e9nes pueden pedir una tablet<\/strong><\/p>\n<ul>\n<li>Adultos mayores que perciban el haber m\u00ednimo como jubilados o pensionados<\/li>\n<li>Mujeres que residan en zonas rurales<\/li>\n<li>Beneficiarios y beneficiarias de la Asignaci\u00f3n Universal por Hijo (AUH) y la Asignaci\u00f3n por Embarazo<\/li>\n<li>Beneficiarios y beneficiarias de Pensiones no Contributivas que perciban ingresos mensuales brutos no superiores a dos veces el Salario M\u00ednimo Vital y M\u00f3vil<\/li>\n<li>Quienes est\u00e9n inscriptos en el R\u00e9gimen de Monotributo Social<\/li>\n<li>Jubilados y jubiladas; pensionadas y pensionados; y trabajadores y trabajadoras en relaci\u00f3n de dependencia que perciban una remuneraci\u00f3n bruta menor o igual a dos Salarios M\u00ednimos Vitales y M\u00f3viles<\/li>\n<li>Trabajadores monotributistas inscriptos y trabajadoras monotributistas inscriptas en una categor\u00eda cuyo ingreso anual mensualizado no supere en dos veces el Salario M\u00ednimo Vital y M\u00f3vil<\/li>\n<li>Beneficiarios del seguro de desempleo<\/li>\n<li>Electrodependientes beneficiarios de la Ley N\u00b0 27.351.<\/li>\n<li>Quienes est\u00e9n incorporadas en el R\u00e9gimen Especial de Seguridad Social para Empleados de Casas Particulares<\/li>\n<li>Exentos en el pago de ABL o tributos locales de igual naturaleza<\/li>\n<\/ul>\n<p>&nbsp;<\/p>\n<p><strong>El tr\u00e1mite para pedir la tablet<\/strong><\/p>\n<p>El organismo que conduce Claudio Ambrosini ya puso en marcha la licitaci\u00f3n para la adquisici\u00f3n de una tanda de 100 mil tablets. La idea repartir los dispositivos durante los pr\u00f3ximos meses.<\/p>\n<p>La Enacom a\u00fan no defini\u00f3 c\u00f3mo ser\u00e1 el tr\u00e1mite para pedir la tablet. En el formato original del programa los dispositivos eran entregados a los adultos mayores y mujeres de zonas rurales inscriptos en registros que confeccionaban los municipios en los cuales resid\u00edan. Ante la inclusi\u00f3n de beneficiarios de prestaciones sociales se descuenta que entrar\u00e1 en juego la ANSES y se analiza la alternativa de que la tablet pueda ser solicitada a trav\u00e9s de Internet.<\/p>\n","protected":false},"excerpt":{"rendered":"<p>El Ente nacional de Comunicaciones (Enacom) resolvi\u00f3 ampliar el programa de entrega de tablets que hasta ahora repart\u00eda a jubilados y mujeres de zonas rurales. En el marco de la emergencia por la pandemia de coronavirus, el organismo tambi\u00e9n distribuir\u00e1 ahora esos dispositivos entre beneficiarios de la Asignaci\u00f3n Universal por Hijo y de otras prestaciones sociales, y monotributistas &nbsp; &nbsp; El objetivo de la ampliaci\u00f3n del Programa Nacional de Acceso a Tecnolog\u00edas de la Informaci\u00f3n y las Comunicaciones es &#8220;posibilitar el acceso a equipamiento que contribuya a la inserci\u00f3n, integraci\u00f3n&#8230;<\/p>\n","protected":false},"author":3,"featured_media":63209,"comment_status":"closed","ping_status":"closed","sticky":false,"template":"","format":"standard","meta":[],"categories":[2],"tags":[],"_links":{"self":[{"href":"https:\/\/www.actualidadadiario.com\/index.php\/wp-json\/wp\/v2\/posts\/63208"}],"collection":[{"href":"https:\/\/www.actualidadadiario.com\/index.php\/wp-json\/wp\/v2\/posts"}],"about":[{"href":"https:\/\/www.actualidadadiario.com\/index.php\/wp-json\/wp\/v2\/types\/post"}],"author":[{"embeddable":true,"href":"https:\/\/www.actualidadadiario.com\/index.php\/wp-json\/wp\/v2\/users\/3"}],"replies":[{"embeddable":true,"href":"https:\/\/www.actualidadadiario.com\/index.php\/wp-json\/wp\/v2\/comments?post=63208"}],"version-history":[{"count":2,"href":"https:\/\/www.actualidadadiario.com\/index.php\/wp-json\/wp\/v2\/posts\/63208\/revisions"}],"predecessor-version":[{"id":63211,"href":"https:\/\/www.actualidadadiario.com\/index.php\/wp-json\/wp\/v2\/posts\/63208\/revisions\/63211"}],"wp:featuredmedia":[{"embeddable":true,"href":"https:\/\/www.actualidadadiario.com\/index.php\/wp-json\/wp\/v2\/media\/63209"}],"wp:attachment":[{"href":"https:\/\/www.actualidadadiario.com\/index.php\/wp-json\/wp\/v2\/media?parent=63208"}],"wp:term":[{"taxonomy":"category","embeddable":true,"href":"https:\/\/www.actualidadadiario.com\/index.php\/wp-json\/wp\/v2\/categories?post=63208"},{"taxonomy":"post_tag","embeddable":true,"href":"https:\/\/www.actualidadadiario.com\/index.php\/wp-json\/wp\/v2\/tags?post=63208"}],"curies":[{"name":"wp","href":"https:\/\/api.w.org\/{rel}","templated":true}]}}