{"id":63201,"date":"2020-06-23T12:37:20","date_gmt":"2020-06-23T15:37:20","guid":{"rendered":"https:\/\/www.actualidadadiario.com\/?p=63201"},"modified":"2020-06-23T12:37:20","modified_gmt":"2020-06-23T15:37:20","slug":"rescataron-a-una-familia-que-estuvo-varios-dias-sin-comida","status":"publish","type":"post","link":"https:\/\/www.actualidadadiario.com\/index.php\/2020\/06\/23\/rescataron-a-una-familia-que-estuvo-varios-dias-sin-comida\/","title":{"rendered":"Rescataron a una familia que estuvo varios d\u00edas sin comida"},"content":{"rendered":"<p style=\"text-align: center;\"><em><strong>El procedimiento fue llevado a cabo en un emprendimiento agropecuario del departamento Concordia. Las v\u00edctimas son un matrimonio y sus dos peque\u00f1os hijos, quienes hab\u00edan sido tra\u00eddos desde un peque\u00f1o pueblo del interior correntino<\/strong><\/em><\/p>\n<p>&nbsp;<\/p>\n<p>&nbsp;<\/p>\n<p>\u201cEl lugar donde estaba era lamentable, horrible. No ten\u00edan agua, ni luz, ni sanitarios, absolutamente nada\u201d, se\u00f1al\u00f3 a Diario R\u00edo Uruguay, Silvio Pucheta, Coordinador de Gesti\u00f3n de la Secretar\u00eda de Trabajo de la Provincia.<\/p>\n<p>El hecho surgi\u00f3 a la luz porque esta familia lleg\u00f3 el jueves al establecimiento rural bautizado \u201cEl Abuelo\u201d y pasaron los d\u00edas, hasta que este domingo, como los empleadores \u201cni siquiera le hab\u00edan llevado para comer\u201d, se acercaron hasta la comisar\u00eda de Puerto Yeru\u00e1 para pedir asistencia.<\/p>\n<p>El oficial Jos\u00e9 Ferreyra, a cargo del destacamento policial, puso en conocimiento del hecho al propio Pucheta, por lo que \u201ca primera hora de este lunes nos hicimos presentes en establecimiento rural\u201d, ya que todo hac\u00eda suponer que \u201cest\u00e1bamos ante un caso de trata de personas, por lo que de inmediato le tambi\u00e9n di participaci\u00f3n a la Polic\u00eda Federal, como dice el protocolo.\u201d<\/p>\n<p>Pucheto se\u00f1al\u00f3 que en ese establecimiento llamado \u201cEl Abuelo\u201d, dedicado a la producci\u00f3n ganadera y forestal, \u201cnos encontramos con un matrimonio y sus dos hijos; una nena de 7 a\u00f1os y un chiquito de 5 a\u00f1os.\u201d. Una familia que hab\u00eda llegado desde la localidad de San Miguel (Corrientes) \u201ccon la promesa de trabajar como cuidador de animales vacunos, pero se encontr\u00f3 con algo que no era lo que le hab\u00edan prometido, ni siquiera se parec\u00eda.\u201d<\/p>\n<p>Una vez realizadas las actuaciones en el lugar, la familia correntina fue trasladada hasta la ciudad de Concordia, m\u00e1s precisamente hasta la Comisar\u00eda del Menor y la Familia en la esquina de G\u00fcemes y La Paz, donde estas personas fueron puestas a custodias del Copnaf, inform\u00f3 Diario R\u00edo Uruguay.<\/p>\n","protected":false},"excerpt":{"rendered":"<p>El procedimiento fue llevado a cabo en un emprendimiento agropecuario del departamento Concordia. Las v\u00edctimas son un matrimonio y sus dos peque\u00f1os hijos, quienes hab\u00edan sido tra\u00eddos desde un peque\u00f1o pueblo del interior correntino &nbsp; &nbsp; \u201cEl lugar donde estaba era lamentable, horrible. No ten\u00edan agua, ni luz, ni sanitarios, absolutamente nada\u201d, se\u00f1al\u00f3 a Diario R\u00edo Uruguay, Silvio Pucheta, Coordinador de Gesti\u00f3n de la Secretar\u00eda de Trabajo de la Provincia. El hecho surgi\u00f3 a la luz porque esta familia lleg\u00f3 el jueves al establecimiento rural bautizado \u201cEl Abuelo\u201d y pasaron&#8230;<\/p>\n","protected":false},"author":3,"featured_media":63202,"comment_status":"closed","ping_status":"closed","sticky":false,"template":"","format":"standard","meta":[],"categories":[15],"tags":[],"_links":{"self":[{"href":"https:\/\/www.actualidadadiario.com\/index.php\/wp-json\/wp\/v2\/posts\/63201"}],"collection":[{"href":"https:\/\/www.actualidadadiario.com\/index.php\/wp-json\/wp\/v2\/posts"}],"about":[{"href":"https:\/\/www.actualidadadiario.com\/index.php\/wp-json\/wp\/v2\/types\/post"}],"author":[{"embeddable":true,"href":"https:\/\/www.actualidadadiario.com\/index.php\/wp-json\/wp\/v2\/users\/3"}],"replies":[{"embeddable":true,"href":"https:\/\/www.actualidadadiario.com\/index.php\/wp-json\/wp\/v2\/comments?post=63201"}],"version-history":[{"count":1,"href":"https:\/\/www.actualidadadiario.com\/index.php\/wp-json\/wp\/v2\/posts\/63201\/revisions"}],"predecessor-version":[{"id":63203,"href":"https:\/\/www.actualidadadiario.com\/index.php\/wp-json\/wp\/v2\/posts\/63201\/revisions\/63203"}],"wp:featuredmedia":[{"embeddable":true,"href":"https:\/\/www.actualidadadiario.com\/index.php\/wp-json\/wp\/v2\/media\/63202"}],"wp:attachment":[{"href":"https:\/\/www.actualidadadiario.com\/index.php\/wp-json\/wp\/v2\/media?parent=63201"}],"wp:term":[{"taxonomy":"category","embeddable":true,"href":"https:\/\/www.actualidadadiario.com\/index.php\/wp-json\/wp\/v2\/categories?post=63201"},{"taxonomy":"post_tag","embeddable":true,"href":"https:\/\/www.actualidadadiario.com\/index.php\/wp-json\/wp\/v2\/tags?post=63201"}],"curies":[{"name":"wp","href":"https:\/\/api.w.org\/{rel}","templated":true}]}}