{"id":63199,"date":"2020-06-23T12:36:25","date_gmt":"2020-06-23T15:36:25","guid":{"rendered":"https:\/\/www.actualidadadiario.com\/?p=63199"},"modified":"2020-06-23T12:36:25","modified_gmt":"2020-06-23T15:36:25","slug":"esta-semana-sesiona-el-senado","status":"publish","type":"post","link":"https:\/\/www.actualidadadiario.com\/index.php\/2020\/06\/23\/esta-semana-sesiona-el-senado\/","title":{"rendered":"Esta semana sesiona el Senado"},"content":{"rendered":"<p style=\"text-align: center;\"><em><strong>La C\u00e1mara de Senadores fue convocada para sesionar esta semana, seg\u00fan confirmaron fuentes legislativas. Adem\u00e1s, habr\u00e1 encuentros de las comisiones de Legislaci\u00f3n General y de Obras P\u00fablicas<\/strong><\/em><\/p>\n<p>&nbsp;<\/p>\n<p>&nbsp;<\/p>\n<p>La convocatoria a sesionar se realiz\u00f3 para los d\u00edas martes 23 y mi\u00e9rcoles 24 a las 19hs y para el jueves 25 a las 11hs.<\/p>\n<p>Por otro lado, este martes 23 a las 10 hs se reunir\u00e1 la comisi\u00f3n de Legislaci\u00f3n General y a las 12hs har\u00e1 lo propio la de Obras P\u00fablicas.<\/p>\n","protected":false},"excerpt":{"rendered":"<p>La C\u00e1mara de Senadores fue convocada para sesionar esta semana, seg\u00fan confirmaron fuentes legislativas. Adem\u00e1s, habr\u00e1 encuentros de las comisiones de Legislaci\u00f3n General y de Obras P\u00fablicas &nbsp; &nbsp; La convocatoria a sesionar se realiz\u00f3 para los d\u00edas martes 23 y mi\u00e9rcoles 24 a las 19hs y para el jueves 25 a las 11hs. Por otro lado, este martes 23 a las 10 hs se reunir\u00e1 la comisi\u00f3n de Legislaci\u00f3n General y a las 12hs har\u00e1 lo propio la de Obras P\u00fablicas.<\/p>\n","protected":false},"author":3,"featured_media":43517,"comment_status":"closed","ping_status":"closed","sticky":false,"template":"","format":"standard","meta":[],"categories":[15],"tags":[],"_links":{"self":[{"href":"https:\/\/www.actualidadadiario.com\/index.php\/wp-json\/wp\/v2\/posts\/63199"}],"collection":[{"href":"https:\/\/www.actualidadadiario.com\/index.php\/wp-json\/wp\/v2\/posts"}],"about":[{"href":"https:\/\/www.actualidadadiario.com\/index.php\/wp-json\/wp\/v2\/types\/post"}],"author":[{"embeddable":true,"href":"https:\/\/www.actualidadadiario.com\/index.php\/wp-json\/wp\/v2\/users\/3"}],"replies":[{"embeddable":true,"href":"https:\/\/www.actualidadadiario.com\/index.php\/wp-json\/wp\/v2\/comments?post=63199"}],"version-history":[{"count":1,"href":"https:\/\/www.actualidadadiario.com\/index.php\/wp-json\/wp\/v2\/posts\/63199\/revisions"}],"predecessor-version":[{"id":63200,"href":"https:\/\/www.actualidadadiario.com\/index.php\/wp-json\/wp\/v2\/posts\/63199\/revisions\/63200"}],"wp:featuredmedia":[{"embeddable":true,"href":"https:\/\/www.actualidadadiario.com\/index.php\/wp-json\/wp\/v2\/media\/43517"}],"wp:attachment":[{"href":"https:\/\/www.actualidadadiario.com\/index.php\/wp-json\/wp\/v2\/media?parent=63199"}],"wp:term":[{"taxonomy":"category","embeddable":true,"href":"https:\/\/www.actualidadadiario.com\/index.php\/wp-json\/wp\/v2\/categories?post=63199"},{"taxonomy":"post_tag","embeddable":true,"href":"https:\/\/www.actualidadadiario.com\/index.php\/wp-json\/wp\/v2\/tags?post=63199"}],"curies":[{"name":"wp","href":"https:\/\/api.w.org\/{rel}","templated":true}]}}