{"id":63193,"date":"2020-06-23T12:34:16","date_gmt":"2020-06-23T15:34:16","guid":{"rendered":"https:\/\/www.actualidadadiario.com\/?p=63193"},"modified":"2020-06-23T12:34:16","modified_gmt":"2020-06-23T15:34:16","slug":"esta-semana-se-entregan-informes-escolares-en-lugar-de-libreta-de-calificaciones","status":"publish","type":"post","link":"https:\/\/www.actualidadadiario.com\/index.php\/2020\/06\/23\/esta-semana-se-entregan-informes-escolares-en-lugar-de-libreta-de-calificaciones\/","title":{"rendered":"Esta semana se entregan informes escolares en lugar de libreta de calificaciones"},"content":{"rendered":"<p style=\"text-align: center;\"><em><strong>Finalizado el primer trimestre, los informes conceptuales deben entregarse entre el 22 y 26 del corriente. Se trata la nueva evaluaci\u00f3n formativa en base a lo trabajado por los alumnos durante el aislamiento<\/strong><\/em><\/p>\n<p>&nbsp;<\/p>\n<p>&nbsp;<\/p>\n<p>La Directora Departamental de Escuelas de Gualeguaych\u00fa, Marta Land\u00f3, dijo que &#8220;ya termin\u00f3 el trimestre y es muy dif\u00edcil evaluar a los alumnos&#8221;, y por eso el Consejo General de Educaci\u00f3n aprob\u00f3 que se brinde un informe conceptual a los padres, entre los d\u00edas 22 al 26 de junio, es decir entre lunes y viernes de esta semana.<\/p>\n<p>&#8220;Se va permitiendo el d\u00eda a d\u00eda en cuanto a las maneras y formas, porque no todos tienen la posibilidad de comunicarse v\u00eda internet y somos conscientes que no se llega a todos, por eso se tom\u00f3 una evaluaci\u00f3n formativa de cada alumno, paro ver que logros ha tenido y pedirle tambi\u00e9n a cada alumno una autoevaluaci\u00f3n, por lo que \u00e9l cree, que cosas avanz\u00f3 o aprendi\u00f3. Hay muchas situaciones distintas, hay chicos con otros recursos y que necesitan m\u00e1s ayuda y no todos la han tenido al no tener un docente cerca&#8221;, explic\u00f3 Land\u00f3.<\/p>\n<p>&#8220;Entre el 22 y el 26 de junio los docentes enviar\u00e1n a los pap\u00e1s los informes y cuando llegue el d\u00eda de la vuelta a clase se revisar\u00e1n los aprendizajes y la situaci\u00f3n individual de cada alumno. Los informes no llevan ni nota ni concepto y se les ha pedido a los docentes que tengan en cuenta la autoevaluaci\u00f3n de cada uno y la opini\u00f3n de los pap\u00e1s. Hay distintas formas, depende de las escuelas, los barrios o zonas rurales. A veces los docentes van a las tranqueras a llevar las tareas y en otras se entregan cuando los pap\u00e1s van a los comedores a retirar la vianda, en estos casos se har\u00e1 lo mismo con los informes&#8221;.<\/p>\n<p>&#8220;El informe es para todos los niveles, inicial, primario y secundario, tambi\u00e9n con orientaci\u00f3n. Quienes deb\u00edan materias y se recibieron el a\u00f1o pasado, o sea sexto o s\u00e9ptimo a\u00f1o, est\u00e1n rindiendo por video conferencia para regularizar y cerrar el ciclo 2019. Los que tienen materias previas tendr\u00e1n otras instancias que se est\u00e1n evaluando&#8221;, dijo.<\/p>\n<p>Consultada sobre el regreso a clases y cuando cree que podr\u00eda darse, la titular de la Departamental de Escuelas expres\u00f3 que &#8220;todo est\u00e1 condicionado al tema de salud, porque todos queremos priorizar la salud. Los docentes hacen lo que pueden y hay como un agotamiento por parte de los docentes, de las familias, de los chicos, al principio todo fue distinto, pero ahora ya est\u00e1n cansados, quieren volver a ver a sus compa\u00f1eros, a sus docentes, es decir hay un agotamiento social tambi\u00e9n. Tenemos que ser conscientes que hay chicos que se han quedado en el camino, que se han perdido por no haber cursado y hay que recuperarlos, no es igual para todos y esto tenemos que asumirlo. Ser\u00e1 muy dif\u00edcil el regreso con la nueva normalidad y yo creer\u00eda que se va a comenzar con los m\u00e1s grandes, con los que est\u00e1n en el \u00faltimo a\u00f1o, para despu\u00e9s incluir grupos peque\u00f1os del resto&#8221;.<\/p>\n","protected":false},"excerpt":{"rendered":"<p>Finalizado el primer trimestre, los informes conceptuales deben entregarse entre el 22 y 26 del corriente. Se trata la nueva evaluaci\u00f3n formativa en base a lo trabajado por los alumnos durante el aislamiento &nbsp; &nbsp; La Directora Departamental de Escuelas de Gualeguaych\u00fa, Marta Land\u00f3, dijo que &#8220;ya termin\u00f3 el trimestre y es muy dif\u00edcil evaluar a los alumnos&#8221;, y por eso el Consejo General de Educaci\u00f3n aprob\u00f3 que se brinde un informe conceptual a los padres, entre los d\u00edas 22 al 26 de junio, es decir entre lunes y viernes&#8230;<\/p>\n","protected":false},"author":3,"featured_media":63194,"comment_status":"closed","ping_status":"closed","sticky":false,"template":"","format":"standard","meta":[],"categories":[15],"tags":[],"_links":{"self":[{"href":"https:\/\/www.actualidadadiario.com\/index.php\/wp-json\/wp\/v2\/posts\/63193"}],"collection":[{"href":"https:\/\/www.actualidadadiario.com\/index.php\/wp-json\/wp\/v2\/posts"}],"about":[{"href":"https:\/\/www.actualidadadiario.com\/index.php\/wp-json\/wp\/v2\/types\/post"}],"author":[{"embeddable":true,"href":"https:\/\/www.actualidadadiario.com\/index.php\/wp-json\/wp\/v2\/users\/3"}],"replies":[{"embeddable":true,"href":"https:\/\/www.actualidadadiario.com\/index.php\/wp-json\/wp\/v2\/comments?post=63193"}],"version-history":[{"count":1,"href":"https:\/\/www.actualidadadiario.com\/index.php\/wp-json\/wp\/v2\/posts\/63193\/revisions"}],"predecessor-version":[{"id":63195,"href":"https:\/\/www.actualidadadiario.com\/index.php\/wp-json\/wp\/v2\/posts\/63193\/revisions\/63195"}],"wp:featuredmedia":[{"embeddable":true,"href":"https:\/\/www.actualidadadiario.com\/index.php\/wp-json\/wp\/v2\/media\/63194"}],"wp:attachment":[{"href":"https:\/\/www.actualidadadiario.com\/index.php\/wp-json\/wp\/v2\/media?parent=63193"}],"wp:term":[{"taxonomy":"category","embeddable":true,"href":"https:\/\/www.actualidadadiario.com\/index.php\/wp-json\/wp\/v2\/categories?post=63193"},{"taxonomy":"post_tag","embeddable":true,"href":"https:\/\/www.actualidadadiario.com\/index.php\/wp-json\/wp\/v2\/tags?post=63193"}],"curies":[{"name":"wp","href":"https:\/\/api.w.org\/{rel}","templated":true}]}}