{"id":63190,"date":"2020-06-23T12:33:21","date_gmt":"2020-06-23T15:33:21","guid":{"rendered":"https:\/\/www.actualidadadiario.com\/?p=63190"},"modified":"2020-06-23T12:33:21","modified_gmt":"2020-06-23T15:33:21","slug":"el-hospital-santa-rosa-reforzara-la-atencion-y-vigilancia-epidemiologica-en-santa-ana","status":"publish","type":"post","link":"https:\/\/www.actualidadadiario.com\/index.php\/2020\/06\/23\/el-hospital-santa-rosa-reforzara-la-atencion-y-vigilancia-epidemiologica-en-santa-ana\/","title":{"rendered":"El Hospital Santa Rosa reforzar\u00e1 la atenci\u00f3n y vigilancia epidemiol\u00f3gica en Santa Ana"},"content":{"rendered":"<p style=\"text-align: center;\"><em><strong>Tras conocerse nuevos casos positivos en la localidad de Santa Ana, la directora del Hospital Santa Rosa de Chajar\u00ed, Dra. Mar\u00eda Fernanda Lalosa, mantuvo comunicaci\u00f3n con la Ministra de Salud, Sonia Vel\u00e1zquez, y el Secretario de Pol\u00edticas Sanitarias y Bienestar, Dr. Guillermo Zanuttini, a fin de coordinar acciones y reforzar la atenci\u00f3n y la vigilancia epidemiol\u00f3gica en dicha localidad<\/strong><\/em><\/p>\n<p>&nbsp;<\/p>\n<p>\u201cDurante la ma\u00f1ana mantuve comunicaci\u00f3n con los funcionarios del Ministerio de Salud con quienes coordinamos reforzar la atenci\u00f3n y el trabajo en terreno en la localidad de Santa Ana, donde se est\u00e1 dando el foco de contagio de coronavirus\u201d, explic\u00f3 la Dra. Mar\u00eda Fernanda Lalosa.<\/p>\n<p>Respecto al trabajo que se realizar\u00e1 en Santa Ana, precis\u00f3 que \u201cen las primeras horas de la ma\u00f1ana mantendremos una reuni\u00f3n con el intendente Rogelio Zanandrea a fin de coordinar acciones. Nuestra idea es dotar de m\u00e1s enfermeros y m\u00e9dicos en el Centro de Salud y realizar un trabajo minucioso en terreno a fin de reforzar la vigilancia epidemiol\u00f3gica\u201d.<\/p>\n<p>Adem\u00e1s agrego que \u201clo que pretendemos es tener una UCMAC (Unidad de Cuidados M\u00ednimos Asociados a Coronavirus) en dicha localidad para que los contactos estrechos o positivos que no presenten s\u00edntomas y deban realizar el aislamiento no tengan que trasladarse hasta el Hospital o el complejo termal\u201d.<\/p>\n<p>Por \u00faltimo, la Dra. Lalosa le solicit\u00f3 a toda la comunidad de Chajar\u00ed, Santa Anta, Villa del Rosario y colonias que se vienen tiempo muy complejos para todos, por eso les pedimos que colaboren, que sean responsables y cumplan con todas las medidas de bioseguridad.<\/p>\n<p>\u201cNecesitamos que las personas se queden en su domicilio y que solamente salgan en caso que la situaci\u00f3n lo amerite. Y que cuando salga utilicen el barbijo y mantenga distancia de por lo menos dos metros de la otra persona\u201d, finaliz\u00f3.<\/p>\n","protected":false},"excerpt":{"rendered":"<p>Tras conocerse nuevos casos positivos en la localidad de Santa Ana, la directora del Hospital Santa Rosa de Chajar\u00ed, Dra. Mar\u00eda Fernanda Lalosa, mantuvo comunicaci\u00f3n con la Ministra de Salud, Sonia Vel\u00e1zquez, y el Secretario de Pol\u00edticas Sanitarias y Bienestar, Dr. Guillermo Zanuttini, a fin de coordinar acciones y reforzar la atenci\u00f3n y la vigilancia epidemiol\u00f3gica en dicha localidad &nbsp; \u201cDurante la ma\u00f1ana mantuve comunicaci\u00f3n con los funcionarios del Ministerio de Salud con quienes coordinamos reforzar la atenci\u00f3n y el trabajo en terreno en la localidad de Santa Ana, donde&#8230;<\/p>\n","protected":false},"author":3,"featured_media":63191,"comment_status":"closed","ping_status":"closed","sticky":false,"template":"","format":"standard","meta":[],"categories":[15],"tags":[],"_links":{"self":[{"href":"https:\/\/www.actualidadadiario.com\/index.php\/wp-json\/wp\/v2\/posts\/63190"}],"collection":[{"href":"https:\/\/www.actualidadadiario.com\/index.php\/wp-json\/wp\/v2\/posts"}],"about":[{"href":"https:\/\/www.actualidadadiario.com\/index.php\/wp-json\/wp\/v2\/types\/post"}],"author":[{"embeddable":true,"href":"https:\/\/www.actualidadadiario.com\/index.php\/wp-json\/wp\/v2\/users\/3"}],"replies":[{"embeddable":true,"href":"https:\/\/www.actualidadadiario.com\/index.php\/wp-json\/wp\/v2\/comments?post=63190"}],"version-history":[{"count":1,"href":"https:\/\/www.actualidadadiario.com\/index.php\/wp-json\/wp\/v2\/posts\/63190\/revisions"}],"predecessor-version":[{"id":63192,"href":"https:\/\/www.actualidadadiario.com\/index.php\/wp-json\/wp\/v2\/posts\/63190\/revisions\/63192"}],"wp:featuredmedia":[{"embeddable":true,"href":"https:\/\/www.actualidadadiario.com\/index.php\/wp-json\/wp\/v2\/media\/63191"}],"wp:attachment":[{"href":"https:\/\/www.actualidadadiario.com\/index.php\/wp-json\/wp\/v2\/media?parent=63190"}],"wp:term":[{"taxonomy":"category","embeddable":true,"href":"https:\/\/www.actualidadadiario.com\/index.php\/wp-json\/wp\/v2\/categories?post=63190"},{"taxonomy":"post_tag","embeddable":true,"href":"https:\/\/www.actualidadadiario.com\/index.php\/wp-json\/wp\/v2\/tags?post=63190"}],"curies":[{"name":"wp","href":"https:\/\/api.w.org\/{rel}","templated":true}]}}