{"id":63188,"date":"2020-06-23T12:32:31","date_gmt":"2020-06-23T15:32:31","guid":{"rendered":"https:\/\/www.actualidadadiario.com\/?p=63188"},"modified":"2020-06-23T12:32:31","modified_gmt":"2020-06-23T15:32:31","slug":"este-martes-se-registraron-18-nuevos-casos-de-coronavirus-en-entre-rios","status":"publish","type":"post","link":"https:\/\/www.actualidadadiario.com\/index.php\/2020\/06\/23\/este-martes-se-registraron-18-nuevos-casos-de-coronavirus-en-entre-rios\/","title":{"rendered":"Este martes se registraron 18 nuevos casos de coronavirus en Entre R\u00edos"},"content":{"rendered":"<p style=\"text-align: center;\"><em><strong>El \u00e1rea de Vigilancia Epidemiol\u00f3gica del Ministerio de Salud, confirm\u00f3 que este martes en Entre R\u00edos se registraron 18 nuevos casos de Coronavirus<\/strong><\/em><\/p>\n<p>&nbsp;<\/p>\n<p>&nbsp;<\/p>\n<p>Los 13 primeros corresponden a la ciudad de Paran\u00e1, 12 de ellos son contactos estrechos de pacientes con Covid-19 positivo. El otro, permanece en estudio el nexo epidemiol\u00f3gico.<\/p>\n<p>Otros Cuatro se registraron en la localidad de Santa Ana del departamento Federaci\u00f3n y son contactos estrechos de casos confirmados.<\/p>\n<p>En tanto que el caso restante, fue confirmado en el departamento Uruguay, se trata de un profesional que reside en Buenos Aires pero que asiste a nuestra provincia regularmente por motivos laborales.<\/p>\n<p>De ese modo, en la provincia son 178 los casos confirmados.<\/p>\n","protected":false},"excerpt":{"rendered":"<p>El \u00e1rea de Vigilancia Epidemiol\u00f3gica del Ministerio de Salud, confirm\u00f3 que este martes en Entre R\u00edos se registraron 18 nuevos casos de Coronavirus &nbsp; &nbsp; Los 13 primeros corresponden a la ciudad de Paran\u00e1, 12 de ellos son contactos estrechos de pacientes con Covid-19 positivo. El otro, permanece en estudio el nexo epidemiol\u00f3gico. Otros Cuatro se registraron en la localidad de Santa Ana del departamento Federaci\u00f3n y son contactos estrechos de casos confirmados. En tanto que el caso restante, fue confirmado en el departamento Uruguay, se trata de un profesional&#8230;<\/p>\n","protected":false},"author":3,"featured_media":62875,"comment_status":"closed","ping_status":"closed","sticky":false,"template":"","format":"standard","meta":[],"categories":[9],"tags":[],"_links":{"self":[{"href":"https:\/\/www.actualidadadiario.com\/index.php\/wp-json\/wp\/v2\/posts\/63188"}],"collection":[{"href":"https:\/\/www.actualidadadiario.com\/index.php\/wp-json\/wp\/v2\/posts"}],"about":[{"href":"https:\/\/www.actualidadadiario.com\/index.php\/wp-json\/wp\/v2\/types\/post"}],"author":[{"embeddable":true,"href":"https:\/\/www.actualidadadiario.com\/index.php\/wp-json\/wp\/v2\/users\/3"}],"replies":[{"embeddable":true,"href":"https:\/\/www.actualidadadiario.com\/index.php\/wp-json\/wp\/v2\/comments?post=63188"}],"version-history":[{"count":1,"href":"https:\/\/www.actualidadadiario.com\/index.php\/wp-json\/wp\/v2\/posts\/63188\/revisions"}],"predecessor-version":[{"id":63189,"href":"https:\/\/www.actualidadadiario.com\/index.php\/wp-json\/wp\/v2\/posts\/63188\/revisions\/63189"}],"wp:featuredmedia":[{"embeddable":true,"href":"https:\/\/www.actualidadadiario.com\/index.php\/wp-json\/wp\/v2\/media\/62875"}],"wp:attachment":[{"href":"https:\/\/www.actualidadadiario.com\/index.php\/wp-json\/wp\/v2\/media?parent=63188"}],"wp:term":[{"taxonomy":"category","embeddable":true,"href":"https:\/\/www.actualidadadiario.com\/index.php\/wp-json\/wp\/v2\/categories?post=63188"},{"taxonomy":"post_tag","embeddable":true,"href":"https:\/\/www.actualidadadiario.com\/index.php\/wp-json\/wp\/v2\/tags?post=63188"}],"curies":[{"name":"wp","href":"https:\/\/api.w.org\/{rel}","templated":true}]}}