{"id":63185,"date":"2020-06-23T12:31:30","date_gmt":"2020-06-23T15:31:30","guid":{"rendered":"https:\/\/www.actualidadadiario.com\/?p=63185"},"modified":"2020-06-23T12:31:30","modified_gmt":"2020-06-23T15:31:30","slug":"recomiendan-reducir-la-circulacion-de-personas-en-todo-el-territorio-provincial","status":"publish","type":"post","link":"https:\/\/www.actualidadadiario.com\/index.php\/2020\/06\/23\/recomiendan-reducir-la-circulacion-de-personas-en-todo-el-territorio-provincial\/","title":{"rendered":"Recomiendan reducir la circulaci\u00f3n de personas en todo el territorio provincial"},"content":{"rendered":"<p style=\"text-align: center;\"><em><strong>El gobernador Gustavo Bordet reuni\u00f3 este lunes a su gabinete para abordar la situaci\u00f3n epidemiol\u00f3gica de la provincia y profundizar medidas que tiendan a reducir la circulaci\u00f3n de los ciudadanos en todo el territorio provincial<\/strong><\/em><\/p>\n<p>&nbsp;<\/p>\n<p>&nbsp;<\/p>\n<p>El transporte interurbano se suspendi\u00f3 en forma transitoria y se intensifican los controles sanitarios. Se ratifica la importancia del autocuidado y la responsabilidad individual.<\/p>\n<p>\u201cTenemos que cuidar muy especialmente a la poblaci\u00f3n con factores de riesgo y adultos mayores. Si bien hemos preparado nuestro sistema de salud para atender esta pandemia, no queremos que los entrerrianos o entrerrianas deban llegara situaciones cr\u00edticas\u201d, dijo el mandatario.<\/p>\n<p>Durante el encuentro con la vicegobernadora Laura Stratta, el gabinete de ministros, el fiscal de Estado, Julio Rodr\u00edguez Signes, y el jefe de Polic\u00eda, Gustavo Maslein, se puso de relieve el fortalecimiento del sistema de salud, lo que implic\u00f3 obras de infraestructura, incorporaci\u00f3n de equipamiento e insumos, capacitaci\u00f3n y la preparaci\u00f3n de toda la log\u00edstica necesaria para estar en tiempo y forma en la disponibilidad de los hospitales de la provincia.<\/p>\n<p>\u201cSabemos de las dificultades que el aislamiento conlleva, tanto algunas actividades econ\u00f3micas, como a las familias y a las personas en sus afectos. Pero si no nos cuidamos los da\u00f1os pueden ser mayores\u201d, explic\u00f3 el gobernador.<\/p>\n<p>En tanto, la ministra de Salud de la provincia, Sonia Vel\u00e1zquez, detall\u00f3 que en Paran\u00e1 no hay circulaci\u00f3n comunitaria del virus sino que se trata de transmisi\u00f3n local por conglomerado. Situaciones similares se han producido en localidades del departamento Col\u00f3n, Islas y Federaci\u00f3n.<\/p>\n<p>Dijo que por ello \u201cse han tomado medidas contundentes\u201d y reiter\u00f3 la importancia de mantener el cuidado y acatar los protocolos. Reiter\u00f3 la necesidad de extremar el distanciamiento f\u00edsico y el uso de tapabocas, como as\u00ed tambi\u00e9n que las personas que presentan alguna sintomatolog\u00eda respiratoria no se trasladen de un lugar a otro o no ingresen a las organizaciones tanto estatales o lugares de trabajo, teniendo la menor circulaci\u00f3n posible de personas.<\/p>\n<p>\u201cRecomendamos extremar los cuidados que tengan que ver con evitar la circulaci\u00f3n en el territorio provincial, sobre todo en las localidades que se presentan con esta nueva clasificaci\u00f3n epidemiol\u00f3gica de transmisi\u00f3n local por conglomerado, como el caso de Paran\u00e1, que tuvo que ver con una transmisi\u00f3n con una instituci\u00f3n\u201d, indic\u00f3 Vel\u00e1zquez.<\/p>\n<p>Por otro lado, inform\u00f3 que al d\u00eda de la fecha se registran 160 casos positivos Covid en la provincia, y que en las \u00faltimas 72 horas se ha venido trabajando sobre todo con las localidades de Ibicuy, Santa Ana y Paran\u00e1, \u201cestableciendo algunas medidas contundentes\u201d.<\/p>\n<p>En ese marco, agreg\u00f3 que desde la Direcci\u00f3n de Epidemiolog\u00eda y el \u00e1rea de Vigilancia Epidemiol\u00f3gica se ha venido trabajando en forma conjunta con los COES locales de estas localidades a fin de poder realizar los aislamientos oportunos y poder clasificar los casos epidemiol\u00f3gicos, a fin de poder actuar y aplicar el protocolo de caso sospechoso.<\/p>\n<p>&nbsp;<\/p>\n<p><strong>Cuidados<\/strong><\/p>\n<p>Luego indic\u00f3: \u201cParticularmente queremos plantear evitar la circulaci\u00f3n de la mayor cantidad de gente posible para poder disminuir el virus y la transmisi\u00f3n del virus respiratorio. En segundo, cuidar nuestra poblaci\u00f3n con factores de riesgos, adultos mayores. Tenemos que preservarlo particularmente para que no est\u00e9n expuestos ante contingencia que se presenta en la provincia de Entre R\u00edos, y particularmente en las ciudades mencionadas anteriormente&#8221;, precis\u00f3 Vel\u00e1zquez.<\/p>\n<p>Insisti\u00f3 en la importancia de mantener el distanciamiento f\u00edsico y extremar las medidas de higiene, sobre todo de las superficies de contacto, y dijo que se estableci\u00f3 en la provincia el control del transporte interurbano, adem\u00e1s de las medidas que tengan que ver con el distanciamiento f\u00edsico.<\/p>\n<p>La ministra precis\u00f3 que este lunes el gobernador nos ha dado indicaciones expresas al Comit\u00e9 Interinstitucional a fin de poder evaluar varias medidas que tienen que ver con la suspensi\u00f3n del transporte interurbano, y seguir con las otras medidas para que circule la menor cantidad de gente posible, y para que las personas tengan distanciamiento f\u00edsico entre s\u00ed.<\/p>\n<p>Otra medida es, en este resguardo de las personas con factores de riesgo, tratar que los ni\u00f1os no circulen y no visiten a sus adultos mayores o familiares con factores de riesgo. En ese sentido, extremar las medidas de los protocolos que tiene autorizada cada una de las actividades que ya se encuentran con autorizaci\u00f3n comercial o productiva. \u201cEn eso, tambi\u00e9n extremar el cumplimiento de esos protocolos, y sobre todo cuidar el status que ostenta en este momento para estas ciudades que, todav\u00eda quiz\u00e1s est\u00e1n sin circulaci\u00f3n activa o sin transmisi\u00f3n local por conglomerado&#8221;, detall\u00f3.<\/p>\n<p>&nbsp;<\/p>\n<p><strong>Controles estrictos<\/strong><\/p>\n<p>Por otro lado, Vel\u00e1zquez manifest\u00f3 que se han extremado los controles en los pasos fronterizos de ingreso a Entre R\u00edos de personas provenientes de otras provincias, no s\u00f3lo de las que tienen circulaci\u00f3n activa, donde se han instalado dispositivos y puestos sanitarios.<\/p>\n<p>Tambi\u00e9n inform\u00f3 que en el d\u00eda de la fecha el gobernador Gustavo Bordet instruy\u00f3 a la Jefatura de Polic\u00eda y al Ministerio de Gobierno a \u201cextremar las medidas que tengan que ver con la restricci\u00f3n y el control exhaustivo para todas las personas que vengan lugares con circulaci\u00f3n activa a nuestra provincia&#8221;.<\/p>\n","protected":false},"excerpt":{"rendered":"<p>El gobernador Gustavo Bordet reuni\u00f3 este lunes a su gabinete para abordar la situaci\u00f3n epidemiol\u00f3gica de la provincia y profundizar medidas que tiendan a reducir la circulaci\u00f3n de los ciudadanos en todo el territorio provincial &nbsp; &nbsp; El transporte interurbano se suspendi\u00f3 en forma transitoria y se intensifican los controles sanitarios. Se ratifica la importancia del autocuidado y la responsabilidad individual. \u201cTenemos que cuidar muy especialmente a la poblaci\u00f3n con factores de riesgo y adultos mayores. Si bien hemos preparado nuestro sistema de salud para atender esta pandemia, no queremos&#8230;<\/p>\n","protected":false},"author":3,"featured_media":63186,"comment_status":"closed","ping_status":"closed","sticky":false,"template":"","format":"standard","meta":[],"categories":[9],"tags":[],"_links":{"self":[{"href":"https:\/\/www.actualidadadiario.com\/index.php\/wp-json\/wp\/v2\/posts\/63185"}],"collection":[{"href":"https:\/\/www.actualidadadiario.com\/index.php\/wp-json\/wp\/v2\/posts"}],"about":[{"href":"https:\/\/www.actualidadadiario.com\/index.php\/wp-json\/wp\/v2\/types\/post"}],"author":[{"embeddable":true,"href":"https:\/\/www.actualidadadiario.com\/index.php\/wp-json\/wp\/v2\/users\/3"}],"replies":[{"embeddable":true,"href":"https:\/\/www.actualidadadiario.com\/index.php\/wp-json\/wp\/v2\/comments?post=63185"}],"version-history":[{"count":1,"href":"https:\/\/www.actualidadadiario.com\/index.php\/wp-json\/wp\/v2\/posts\/63185\/revisions"}],"predecessor-version":[{"id":63187,"href":"https:\/\/www.actualidadadiario.com\/index.php\/wp-json\/wp\/v2\/posts\/63185\/revisions\/63187"}],"wp:featuredmedia":[{"embeddable":true,"href":"https:\/\/www.actualidadadiario.com\/index.php\/wp-json\/wp\/v2\/media\/63186"}],"wp:attachment":[{"href":"https:\/\/www.actualidadadiario.com\/index.php\/wp-json\/wp\/v2\/media?parent=63185"}],"wp:term":[{"taxonomy":"category","embeddable":true,"href":"https:\/\/www.actualidadadiario.com\/index.php\/wp-json\/wp\/v2\/categories?post=63185"},{"taxonomy":"post_tag","embeddable":true,"href":"https:\/\/www.actualidadadiario.com\/index.php\/wp-json\/wp\/v2\/tags?post=63185"}],"curies":[{"name":"wp","href":"https:\/\/api.w.org\/{rel}","templated":true}]}}