{"id":63166,"date":"2020-06-18T12:11:09","date_gmt":"2020-06-18T15:11:09","guid":{"rendered":"https:\/\/www.actualidadadiario.com\/?p=63166"},"modified":"2020-06-18T12:11:09","modified_gmt":"2020-06-18T15:11:09","slug":"argentina-fue-elegida-para-integrar-el-consejo-economico-y-social-de-la-onu","status":"publish","type":"post","link":"https:\/\/www.actualidadadiario.com\/index.php\/2020\/06\/18\/argentina-fue-elegida-para-integrar-el-consejo-economico-y-social-de-la-onu\/","title":{"rendered":"Argentina fue elegida para integrar el Consejo Econ\u00f3mico y Social de la ONU"},"content":{"rendered":"<p style=\"text-align: center;\"><em><strong>Seg\u00fan inform\u00f3 la Canciller\u00eda en un comunicado, ayer se realiz\u00f3 la votaci\u00f3n que le concedi\u00f3 al pa\u00eds un asiento en el Consejo Econ\u00f3mico y Social<\/strong><\/em><\/p>\n<p>&nbsp;<\/p>\n<p>&nbsp;<\/p>\n<p>La Rep\u00fablica Argentina fue electa para formar parte del Consejo Econ\u00f3mico y Social de la Organizaci\u00f3n de las Naciones Unidas (ONU) durante los pr\u00f3ximos tres a\u00f1os, al obtener 182 votos para ocupar ese lugar, siendo el pa\u00eds m\u00e1s votado de la regi\u00f3n.<\/p>\n<p>Seg\u00fan inform\u00f3 la Canciller\u00eda en un comunicado, ayer se realiz\u00f3 la votaci\u00f3n que le concedi\u00f3 al pa\u00eds un asiento en el Consejo Econ\u00f3mico y Social (Ecosoc).<\/p>\n<p>Con el reingreso a este \u00f3rgano, la Argentina &#8220;ratifica su profundo compromiso con el multilateralismo y con la agenda de desarrollo econ\u00f3mico y social de las Naciones Unidas&#8221;, se indic\u00f3 desde el Palacio San Mart\u00edn que encabeza Felipe Sol\u00e1.<\/p>\n<p>El Consejo Econ\u00f3mico y Social tiene por objetivo promover las tres dimensiones del desarrollo sostenible: econ\u00f3mica, social y ambiental) y coordinar los esfuerzos internacionales en la materia.<\/p>\n<p>Ayer, la ONU design\u00f3 presidente de la Asamblea General al turco Volkan Bozkir, quien suceder\u00e1 a partir de septiembre pr\u00f3ximo al nigeriano Tijjani Muhammad-Bande.<\/p>\n<p>En tanto, India, Irlanda, M\u00e9xico y Noruega fueron escogidos como miembros no permanentes del Consejo de Seguridad.<\/p>\n<p>La sesi\u00f3n de ayer se efectu\u00f3 con un protocolo especial debido a la pandemia de coronavirus, en grupo de 24 personas cada media hora y con estricto distanciamiento entre ellas, por lo que dur\u00f3 siete horas.<\/p>\n","protected":false},"excerpt":{"rendered":"<p>Seg\u00fan inform\u00f3 la Canciller\u00eda en un comunicado, ayer se realiz\u00f3 la votaci\u00f3n que le concedi\u00f3 al pa\u00eds un asiento en el Consejo Econ\u00f3mico y Social &nbsp; &nbsp; La Rep\u00fablica Argentina fue electa para formar parte del Consejo Econ\u00f3mico y Social de la Organizaci\u00f3n de las Naciones Unidas (ONU) durante los pr\u00f3ximos tres a\u00f1os, al obtener 182 votos para ocupar ese lugar, siendo el pa\u00eds m\u00e1s votado de la regi\u00f3n. Seg\u00fan inform\u00f3 la Canciller\u00eda en un comunicado, ayer se realiz\u00f3 la votaci\u00f3n que le concedi\u00f3 al pa\u00eds un asiento en el&#8230;<\/p>\n","protected":false},"author":3,"featured_media":63167,"comment_status":"closed","ping_status":"closed","sticky":false,"template":"","format":"standard","meta":[],"categories":[18],"tags":[],"_links":{"self":[{"href":"https:\/\/www.actualidadadiario.com\/index.php\/wp-json\/wp\/v2\/posts\/63166"}],"collection":[{"href":"https:\/\/www.actualidadadiario.com\/index.php\/wp-json\/wp\/v2\/posts"}],"about":[{"href":"https:\/\/www.actualidadadiario.com\/index.php\/wp-json\/wp\/v2\/types\/post"}],"author":[{"embeddable":true,"href":"https:\/\/www.actualidadadiario.com\/index.php\/wp-json\/wp\/v2\/users\/3"}],"replies":[{"embeddable":true,"href":"https:\/\/www.actualidadadiario.com\/index.php\/wp-json\/wp\/v2\/comments?post=63166"}],"version-history":[{"count":1,"href":"https:\/\/www.actualidadadiario.com\/index.php\/wp-json\/wp\/v2\/posts\/63166\/revisions"}],"predecessor-version":[{"id":63168,"href":"https:\/\/www.actualidadadiario.com\/index.php\/wp-json\/wp\/v2\/posts\/63166\/revisions\/63168"}],"wp:featuredmedia":[{"embeddable":true,"href":"https:\/\/www.actualidadadiario.com\/index.php\/wp-json\/wp\/v2\/media\/63167"}],"wp:attachment":[{"href":"https:\/\/www.actualidadadiario.com\/index.php\/wp-json\/wp\/v2\/media?parent=63166"}],"wp:term":[{"taxonomy":"category","embeddable":true,"href":"https:\/\/www.actualidadadiario.com\/index.php\/wp-json\/wp\/v2\/categories?post=63166"},{"taxonomy":"post_tag","embeddable":true,"href":"https:\/\/www.actualidadadiario.com\/index.php\/wp-json\/wp\/v2\/tags?post=63166"}],"curies":[{"name":"wp","href":"https:\/\/api.w.org\/{rel}","templated":true}]}}