{"id":63160,"date":"2020-06-18T12:09:28","date_gmt":"2020-06-18T15:09:28","guid":{"rendered":"https:\/\/www.actualidadadiario.com\/?p=63160"},"modified":"2020-06-18T12:09:28","modified_gmt":"2020-06-18T15:09:28","slug":"sigue-en-diputados-el-analisis-de-proyectos-para-prevenir-violencia-de-genero","status":"publish","type":"post","link":"https:\/\/www.actualidadadiario.com\/index.php\/2020\/06\/18\/sigue-en-diputados-el-analisis-de-proyectos-para-prevenir-violencia-de-genero\/","title":{"rendered":"Sigue en Diputados el an\u00e1lisis de proyectos para prevenir violencia de g\u00e9nero"},"content":{"rendered":"<p style=\"text-align: center;\"><em><strong>El tratamiento de las propuestas para luchar contra los distintos tipos de violencia contra las mujeres se realizar\u00e1 a las 15 en las comisiones de Legislaci\u00f3n Penal, y de Mujeres y Diversidad<\/strong><\/em><\/p>\n<p>&nbsp;<\/p>\n<p>&nbsp;<\/p>\n<p>Un plenario de las comisiones de la C\u00e1mara de Diputados realizar\u00e1 hoy la segunda jornada informativa sobre las proyectos que se deben aprobar para prevenir la violencia de g\u00e9nero y proteger a sus v\u00edctimas, con exposiciones de funcionarios nacionales y provinciales e investigadoras del Conicet.<\/p>\n<p>El tratamiento de las propuestas para luchar contra los distintos tipos de violencia contra las mujeres se realizar\u00e1 a las 15 en las comisiones de Legislaci\u00f3n Penal, y de Mujeres y Diversidad, que est\u00e1n presididas por las diputadas del Frente de Todos, Carolina Gaillard (Entre R\u00edos) y M\u00f3nica Macha (Buenos Aires), respectivamente.<\/p>\n<p>En ese marco, expondr\u00e1n la ministra de Mujeres, Pol\u00edticas de G\u00e9nero y Diversidad Sexual de la provincia de Buenos Aires, Estela D\u00edaz; la titular de la Comisi\u00f3n de Tem\u00e1ticas de G\u00e9nero del Ministerio P\u00fablico de Defensa, Raquel Asencio, y las investigadoras del Conicet Marisa Herrera, Luciana S\u00e1nchez y Vanina Biassi.<\/p>\n<p>El esquema de trabajo consistir\u00e1 en audiencias informativas hasta el 2 de julio, en las que van a exponer funcionarias nacionales y provinciales, representantes del Poder Judicial y de las organizaciones, para luego definir cu\u00e1les ser\u00e1n los proyectos que se impulsar\u00e1n sobre violencia de g\u00e9nero.<\/p>\n<p>En la primera reuni\u00f3n informativa realizada el jueves pasado expusieron la secretaria de Pol\u00edticas contra la Violencia por razones de G\u00e9nero del Ministerio de las Mujeres, G\u00e9neros y Diversidad de la Naci\u00f3n, Josefina Kelly, y la titular de la Unidad Fiscal Especializada de Violencia contra las Mujeres, (Ufem), Mariela Labozetta, adem\u00e1s de la abogada Ileana Arduino, del Instituto de Estudios Comparados en Ciencias Penales y Sociales.<\/p>\n<p>En la \u00faltima jornada, que se desarrollar\u00e1 el 2 de julio, cerrar\u00e1 el ciclo de audiencias la ministra de las Mujeres, G\u00e9neros y Diversidad, Elizabeth G\u00f3mez Alcorta.<\/p>\n","protected":false},"excerpt":{"rendered":"<p>El tratamiento de las propuestas para luchar contra los distintos tipos de violencia contra las mujeres se realizar\u00e1 a las 15 en las comisiones de Legislaci\u00f3n Penal, y de Mujeres y Diversidad &nbsp; &nbsp; Un plenario de las comisiones de la C\u00e1mara de Diputados realizar\u00e1 hoy la segunda jornada informativa sobre las proyectos que se deben aprobar para prevenir la violencia de g\u00e9nero y proteger a sus v\u00edctimas, con exposiciones de funcionarios nacionales y provinciales e investigadoras del Conicet. El tratamiento de las propuestas para luchar contra los distintos tipos&#8230;<\/p>\n","protected":false},"author":3,"featured_media":63161,"comment_status":"closed","ping_status":"closed","sticky":false,"template":"","format":"standard","meta":[],"categories":[18],"tags":[],"_links":{"self":[{"href":"https:\/\/www.actualidadadiario.com\/index.php\/wp-json\/wp\/v2\/posts\/63160"}],"collection":[{"href":"https:\/\/www.actualidadadiario.com\/index.php\/wp-json\/wp\/v2\/posts"}],"about":[{"href":"https:\/\/www.actualidadadiario.com\/index.php\/wp-json\/wp\/v2\/types\/post"}],"author":[{"embeddable":true,"href":"https:\/\/www.actualidadadiario.com\/index.php\/wp-json\/wp\/v2\/users\/3"}],"replies":[{"embeddable":true,"href":"https:\/\/www.actualidadadiario.com\/index.php\/wp-json\/wp\/v2\/comments?post=63160"}],"version-history":[{"count":1,"href":"https:\/\/www.actualidadadiario.com\/index.php\/wp-json\/wp\/v2\/posts\/63160\/revisions"}],"predecessor-version":[{"id":63162,"href":"https:\/\/www.actualidadadiario.com\/index.php\/wp-json\/wp\/v2\/posts\/63160\/revisions\/63162"}],"wp:featuredmedia":[{"embeddable":true,"href":"https:\/\/www.actualidadadiario.com\/index.php\/wp-json\/wp\/v2\/media\/63161"}],"wp:attachment":[{"href":"https:\/\/www.actualidadadiario.com\/index.php\/wp-json\/wp\/v2\/media?parent=63160"}],"wp:term":[{"taxonomy":"category","embeddable":true,"href":"https:\/\/www.actualidadadiario.com\/index.php\/wp-json\/wp\/v2\/categories?post=63160"},{"taxonomy":"post_tag","embeddable":true,"href":"https:\/\/www.actualidadadiario.com\/index.php\/wp-json\/wp\/v2\/tags?post=63160"}],"curies":[{"name":"wp","href":"https:\/\/api.w.org\/{rel}","templated":true}]}}