{"id":63157,"date":"2020-06-18T12:07:40","date_gmt":"2020-06-18T15:07:40","guid":{"rendered":"https:\/\/www.actualidadadiario.com\/?p=63157"},"modified":"2020-06-18T12:07:40","modified_gmt":"2020-06-18T15:07:40","slug":"urtubey-burocrata-es-bullrich-que-hace-40-anos-vive-del-estado","status":"publish","type":"post","link":"https:\/\/www.actualidadadiario.com\/index.php\/2020\/06\/18\/urtubey-burocrata-es-bullrich-que-hace-40-anos-vive-del-estado\/","title":{"rendered":"Urtubey: \u201cBur\u00f3crata es Bullrich, que hace 40 a\u00f1os vive del Estado\u201d"},"content":{"rendered":"<p style=\"text-align: center;\"><em><strong>El dirigente de la UIA sali\u00f3 al cruce de las cr\u00edticas del macrismo a la entidad. Tambi\u00e9n le apunt\u00f3 a Cornejo: \u201cQue est\u00e9 a la altura y que no haga show\u201d, dijo<\/strong><\/em><\/p>\n<p>&nbsp;<\/p>\n<p>&nbsp;<\/p>\n<p>Luego de las fuertes cr\u00edticas de dirigentes de Juntos por el Cambio a la posici\u00f3n de la Uni\u00f3n Industrial (UIA) por el caso Vicentin, uno de los dirigentes de la entidad, Jos\u00e9 Urtubey, cruz\u00f3 fuerte a Patricia Bullrich y el ex gobernador de Mendoza, Alfredo Cornejo. \u201cBur\u00f3crata ser\u00e1 Bullrich, que hace cuarenta a\u00f1os vive del Estado\u201d, dijo sobre la titular del PRO, que, en una videoconferencia por Zoom con productores agropecuarios manifest\u00f3 que \u201clos empresarios se hacen los boludos con la expropiaci\u00f3n. En la UIA est\u00e1n especulando, son unos bur\u00f3cratas\u201d.<\/p>\n<p>El salte\u00f1o dijo que \u201cno veo en el caso Vicentin nada sistem\u00e1tico ni una metodolog\u00eda a aplicar en otras empresas\u201d.<\/p>\n<p>Tambi\u00e9n Urtubey fue duro con Cornejo, quien en dialogo con TN le apunt\u00f3 al presidente de la UIA, Miguel Acevedo, \u201cpor hacerse el distra\u00eddo\u201d. \u201cQue Cornejo est\u00e9 a la altura y no haga show. Nosotros somos gente seria, quiero ver cu\u00e1l es su discurso cuando el tema se debata en el Congreso\u201d.<\/p>\n<p>La UIA realiz\u00f3 un comunicado por el caso Vicentin pidiendo respeto a los procesos, pero sin confrontar directamente con el Gobierno. Eso no cay\u00f3 bien en Cambiemos, que trat\u00f3 de conseguir el apoyo empresario para defender la no expropiaci\u00f3n de la compa\u00f1\u00eda de granos.<\/p>\n","protected":false},"excerpt":{"rendered":"<p>El dirigente de la UIA sali\u00f3 al cruce de las cr\u00edticas del macrismo a la entidad. Tambi\u00e9n le apunt\u00f3 a Cornejo: \u201cQue est\u00e9 a la altura y que no haga show\u201d, dijo &nbsp; &nbsp; Luego de las fuertes cr\u00edticas de dirigentes de Juntos por el Cambio a la posici\u00f3n de la Uni\u00f3n Industrial (UIA) por el caso Vicentin, uno de los dirigentes de la entidad, Jos\u00e9 Urtubey, cruz\u00f3 fuerte a Patricia Bullrich y el ex gobernador de Mendoza, Alfredo Cornejo. \u201cBur\u00f3crata ser\u00e1 Bullrich, que hace cuarenta a\u00f1os vive del Estado\u201d,&#8230;<\/p>\n","protected":false},"author":3,"featured_media":63158,"comment_status":"closed","ping_status":"closed","sticky":false,"template":"","format":"standard","meta":[],"categories":[18],"tags":[],"_links":{"self":[{"href":"https:\/\/www.actualidadadiario.com\/index.php\/wp-json\/wp\/v2\/posts\/63157"}],"collection":[{"href":"https:\/\/www.actualidadadiario.com\/index.php\/wp-json\/wp\/v2\/posts"}],"about":[{"href":"https:\/\/www.actualidadadiario.com\/index.php\/wp-json\/wp\/v2\/types\/post"}],"author":[{"embeddable":true,"href":"https:\/\/www.actualidadadiario.com\/index.php\/wp-json\/wp\/v2\/users\/3"}],"replies":[{"embeddable":true,"href":"https:\/\/www.actualidadadiario.com\/index.php\/wp-json\/wp\/v2\/comments?post=63157"}],"version-history":[{"count":1,"href":"https:\/\/www.actualidadadiario.com\/index.php\/wp-json\/wp\/v2\/posts\/63157\/revisions"}],"predecessor-version":[{"id":63159,"href":"https:\/\/www.actualidadadiario.com\/index.php\/wp-json\/wp\/v2\/posts\/63157\/revisions\/63159"}],"wp:featuredmedia":[{"embeddable":true,"href":"https:\/\/www.actualidadadiario.com\/index.php\/wp-json\/wp\/v2\/media\/63158"}],"wp:attachment":[{"href":"https:\/\/www.actualidadadiario.com\/index.php\/wp-json\/wp\/v2\/media?parent=63157"}],"wp:term":[{"taxonomy":"category","embeddable":true,"href":"https:\/\/www.actualidadadiario.com\/index.php\/wp-json\/wp\/v2\/categories?post=63157"},{"taxonomy":"post_tag","embeddable":true,"href":"https:\/\/www.actualidadadiario.com\/index.php\/wp-json\/wp\/v2\/tags?post=63157"}],"curies":[{"name":"wp","href":"https:\/\/api.w.org\/{rel}","templated":true}]}}