{"id":63154,"date":"2020-06-18T12:06:55","date_gmt":"2020-06-18T15:06:55","guid":{"rendered":"https:\/\/www.actualidadadiario.com\/?p=63154"},"modified":"2020-06-18T12:06:55","modified_gmt":"2020-06-18T15:06:55","slug":"juntos-por-el-cambio-dijo-a-massa-que-no-quieren-sesiones-virtuales-con-temas-conflictivos","status":"publish","type":"post","link":"https:\/\/www.actualidadadiario.com\/index.php\/2020\/06\/18\/juntos-por-el-cambio-dijo-a-massa-que-no-quieren-sesiones-virtuales-con-temas-conflictivos\/","title":{"rendered":"Juntos por el Cambio dijo a Massa que no quieren sesiones virtuales con temas conflictivos"},"content":{"rendered":"<p style=\"text-align: center;\"><em><strong>En el encuentro con el presidente de la C\u00e1mara, los l\u00edderes de la principal bancada opositora volvieron a expresar su negativa a que el proyecto de expropiaci\u00f3n de la cerealera Vicentin sea tratado en forma virtual o mixta, e insistieron en que &#8220;debe ser presencial&#8221;<\/strong><\/em><\/p>\n<p>&nbsp;<\/p>\n<p>&nbsp;<\/p>\n<p>El presidente de la C\u00e1mara de Diputados, Sergio Massa, y los l\u00edderes parlamentarios de Juntos por el Cambio, comenzaron este mi\u00e9rcoles a delinear la agenda de trabajo para las pr\u00f3ximas semanas, en un encuentro en el que los opositores plantearon que temas como la expropiaci\u00f3n de Vicentin o el impuesto a la riqueza deber\u00edan quedar fuera de la modalidad de tratamiento virtual.<\/p>\n<p>Si se logra llegar a un acuerdo a partir del pedido de los ex Cambiemos, el pr\u00f3ximo martes los presidentes de todas las bancadas de la C\u00e1mara podr\u00edan avalar la pr\u00f3rroga de las sesiones remotas para debatir ese mismo d\u00eda los proyectos de Econom\u00eda del Conocimiento y Teletrabajo, confiaron a T\u00e9lam fuentes parlamentarias.<\/p>\n<p>El radical Mario Negri, titular del interbloque; el presidente del bloque PRO, Cristian Ritondo y el l\u00edder parlamentario de la Coalici\u00f3n C\u00edvica, Maximiliano Ferraro, fueron quienes se reunieron con Massa en su despacho.<\/p>\n<p>En el encuentro, los l\u00edderes de la principal bancada opositora volvieron a expresar su negativa a que el proyecto de expropiaci\u00f3n de la cerealera Vicentin, que a\u00fan no ingres\u00f3 al Parlamento, sea tratado en forma virtual o mixta, e insistieron en que ese debate &#8220;debe ser presencial&#8221;.<\/p>\n<p>Oficialismo y oposici\u00f3n coinciden en renovar por 30 d\u00edas m\u00e1s el protocolo de sesiones remotas, aunque Juntos por el Cambio puso la condici\u00f3n de que s\u00f3lo lleguen al recinto temas acordados por todos los bloques, de manera de excluir de ese formato de sesiones los temas m\u00e1s conflictivos, como una eventual expropiaci\u00f3n de Vicentin o el anunciado impuesto a la riqueza.<\/p>\n<p>Cabe recordar que la resoluci\u00f3n aprobada por unanimidad en la sesi\u00f3n del 13 de mayo, por la que se estableci\u00f3 el protocolo de sesiones remotas en el marco de la pandemia, establece en uno de sus puntos la obligaci\u00f3n de refrendar cada 30 d\u00edas dicho protocolo por consenso de la Comisi\u00f3n de Labor Parlamentaria.<\/p>\n<p>Ese plazo se venci\u00f3 el s\u00e1bado pasado, por lo que para volver a trabajar a trav\u00e9s de conexiones virtuales es necesario renovarlo en el plenario de la C\u00e1mara, previo acuerdo entre los jefes de todas las bancadas.<\/p>\n<p>En este contexto, Negri, Ritondo, Ferraro y Massa decidieron esperar para ver si entre el viernes y el martes el Poder Ejecutivo env\u00eda el proyecto sobre Vicent\u00edn, a fin de tener un panorama m\u00e1s claro sobre los pasos a seguir en la confecci\u00f3n de la agenda de trabajo.<\/p>\n<p>En Juntos por el Cambio calculan que si el proyecto ingresa en los pr\u00f3ximos d\u00edas por el Senado, el debate llegar\u00eda a Diputados en dos o tres semanas; &#8220;por lo que quieren dejar bien aclarada su posici\u00f3n en contra de debatir proyectos sin consenso mediante la modalidad remota, antes de aceptar una nueva pr\u00f3rroga&#8221;, enfatizaron voceros de ese espacio opositor.<\/p>\n<p>Si ambos espacios llegan a un acuerdo para retomar las sesiones virtuales, el mismo martes por la ma\u00f1ana ser\u00eda avalado en una reuni\u00f3n de Labor Parlamentaria, y por la tarde se concretar\u00eda la sesi\u00f3n en la que se tratar\u00edan los proyectos sobre Econom\u00eda del Conocimiento y Teletrabajo.<\/p>\n<p>Ambas iniciativas cuentan con los amplios consensos solicitados por Juntos por el Cambio: Econom\u00eda del Conocimiento tiene dictamen desde hace tres semanas y el proyecto de Teletrabajo ser\u00eda refrendado el lunes en una nueva reuni\u00f3n de la comisi\u00f3n de Legislaci\u00f3n del Trabajo.<\/p>\n","protected":false},"excerpt":{"rendered":"<p>En el encuentro con el presidente de la C\u00e1mara, los l\u00edderes de la principal bancada opositora volvieron a expresar su negativa a que el proyecto de expropiaci\u00f3n de la cerealera Vicentin sea tratado en forma virtual o mixta, e insistieron en que &#8220;debe ser presencial&#8221; &nbsp; &nbsp; El presidente de la C\u00e1mara de Diputados, Sergio Massa, y los l\u00edderes parlamentarios de Juntos por el Cambio, comenzaron este mi\u00e9rcoles a delinear la agenda de trabajo para las pr\u00f3ximas semanas, en un encuentro en el que los opositores plantearon que temas como&#8230;<\/p>\n","protected":false},"author":3,"featured_media":63155,"comment_status":"closed","ping_status":"closed","sticky":false,"template":"","format":"standard","meta":[],"categories":[18],"tags":[],"_links":{"self":[{"href":"https:\/\/www.actualidadadiario.com\/index.php\/wp-json\/wp\/v2\/posts\/63154"}],"collection":[{"href":"https:\/\/www.actualidadadiario.com\/index.php\/wp-json\/wp\/v2\/posts"}],"about":[{"href":"https:\/\/www.actualidadadiario.com\/index.php\/wp-json\/wp\/v2\/types\/post"}],"author":[{"embeddable":true,"href":"https:\/\/www.actualidadadiario.com\/index.php\/wp-json\/wp\/v2\/users\/3"}],"replies":[{"embeddable":true,"href":"https:\/\/www.actualidadadiario.com\/index.php\/wp-json\/wp\/v2\/comments?post=63154"}],"version-history":[{"count":1,"href":"https:\/\/www.actualidadadiario.com\/index.php\/wp-json\/wp\/v2\/posts\/63154\/revisions"}],"predecessor-version":[{"id":63156,"href":"https:\/\/www.actualidadadiario.com\/index.php\/wp-json\/wp\/v2\/posts\/63154\/revisions\/63156"}],"wp:featuredmedia":[{"embeddable":true,"href":"https:\/\/www.actualidadadiario.com\/index.php\/wp-json\/wp\/v2\/media\/63155"}],"wp:attachment":[{"href":"https:\/\/www.actualidadadiario.com\/index.php\/wp-json\/wp\/v2\/media?parent=63154"}],"wp:term":[{"taxonomy":"category","embeddable":true,"href":"https:\/\/www.actualidadadiario.com\/index.php\/wp-json\/wp\/v2\/categories?post=63154"},{"taxonomy":"post_tag","embeddable":true,"href":"https:\/\/www.actualidadadiario.com\/index.php\/wp-json\/wp\/v2\/tags?post=63154"}],"curies":[{"name":"wp","href":"https:\/\/api.w.org\/{rel}","templated":true}]}}