{"id":63151,"date":"2020-06-18T12:06:11","date_gmt":"2020-06-18T15:06:11","guid":{"rendered":"https:\/\/www.actualidadadiario.com\/?p=63151"},"modified":"2020-06-18T12:06:11","modified_gmt":"2020-06-18T15:06:11","slug":"recomiendan-a-alberto-restringir-al-maximo-el-contacto-y-realizar-viajes-solo-imprescindibles","status":"publish","type":"post","link":"https:\/\/www.actualidadadiario.com\/index.php\/2020\/06\/18\/recomiendan-a-alberto-restringir-al-maximo-el-contacto-y-realizar-viajes-solo-imprescindibles\/","title":{"rendered":"Recomiendan a Alberto restringir &#8220;al m\u00e1ximo el contacto&#8221; y realizar viajes solo imprescindibles"},"content":{"rendered":"<p style=\"text-align: center;\"><em><strong>Es por el avance de la cantidad de casos en el marco de la pandemia de coronavirus, justo cuando comenzaba a realizar giras al interior. El positivo de Insaurralde hab\u00eda abierto el debate y oblig\u00f3 a suspender un viaje a Catamarca y otro a Rosario, por el D\u00eda de la Bandera<\/strong><\/em><\/p>\n<p>&nbsp;<\/p>\n<p>&nbsp;<\/p>\n<p>&nbsp;<\/p>\n<p>El presidente Alberto Fern\u00e1ndez restringir\u00e1 &#8220;al m\u00e1ximo&#8221; los contactos personales y realizar\u00e1 viajes s\u00f3lo en caso de &#8220;vital importancia&#8221; y con una comitiva m\u00ednima, a partir de las recomendaciones que realiz\u00f3 la Unidad M\u00e9dica Presidencial.<\/p>\n<p>El jefe de Estado ven\u00eda realizando varias giras a provincias para acompa\u00f1ar la puesta en funcionamiento de unidades productivas, y manten\u00eda una agenda activa con reuniones con funcionarios y visitas protocolares.<\/p>\n<p>Sin embargo, el aumento en el n\u00famero de casos positivos de Covid-19 y el contagio de varios dirigentes pol\u00edticos fue el antecedente de la determinaci\u00f3n que se comunic\u00f3 en forma oficial, luego de que Alberto Fern\u00e1ndez suspendiera su visita a Rosario por el D\u00eda de la Bandera.<\/p>\n<p>El equipo m\u00e9dico presidencial decidi\u00f3 recomendar que &#8220;contin\u00fae desarrollando sus tareas habituales en la residencia&#8221; de Olivos, restringiendo al m\u00e1ximo posible el contacto interpersonal\u201d. Y que solo se consideren &#8220;viajes o reuniones presenciales para asuntos de vital importancia e impostergables y con comitivas reducidas&#8221;.<\/p>\n<p>La decisi\u00f3n del mandatario de realizar giras a varias provincias hab\u00eda sido puesta en debate p\u00fablico luego de que se confirmara que el intendente de Lomas de Zamora, Mart\u00edn Inasurralde, hab\u00eda dado positivo en Covid-19.<\/p>\n<p>El jefe comunal lomense hab\u00eda estado reunido con el ministro de Desarrollo Social, Daniel Arroyo, quien se encontraba con Alberto Fern\u00e1ndez en visita a La Rioja cuando confirmaron su positividad. Por ese motivo, Arroyo regres\u00f3 en un vuelo diferente y el Presidente suspendi\u00f3 el viaje a Catamarca y regres\u00f3 a Buenos Aires.<\/p>\n<p>El paso siguiente fue la decisi\u00f3n del equipo presidencial de suspender la visita a la ciudad de Rosario para encabezar el acto por el D\u00eda de la Bandera, el s\u00e1bado 20 de junio. Y ahora lleg\u00f3 la recomendaci\u00f3n de la Unidad M\u00e9dica Presidencial, firmada por el doctor Federico Saavedra.<\/p>\n","protected":false},"excerpt":{"rendered":"<p>Es por el avance de la cantidad de casos en el marco de la pandemia de coronavirus, justo cuando comenzaba a realizar giras al interior. El positivo de Insaurralde hab\u00eda abierto el debate y oblig\u00f3 a suspender un viaje a Catamarca y otro a Rosario, por el D\u00eda de la Bandera &nbsp; &nbsp; &nbsp; El presidente Alberto Fern\u00e1ndez restringir\u00e1 &#8220;al m\u00e1ximo&#8221; los contactos personales y realizar\u00e1 viajes s\u00f3lo en caso de &#8220;vital importancia&#8221; y con una comitiva m\u00ednima, a partir de las recomendaciones que realiz\u00f3 la Unidad M\u00e9dica Presidencial. El&#8230;<\/p>\n","protected":false},"author":3,"featured_media":63152,"comment_status":"closed","ping_status":"closed","sticky":false,"template":"","format":"standard","meta":[],"categories":[18],"tags":[],"_links":{"self":[{"href":"https:\/\/www.actualidadadiario.com\/index.php\/wp-json\/wp\/v2\/posts\/63151"}],"collection":[{"href":"https:\/\/www.actualidadadiario.com\/index.php\/wp-json\/wp\/v2\/posts"}],"about":[{"href":"https:\/\/www.actualidadadiario.com\/index.php\/wp-json\/wp\/v2\/types\/post"}],"author":[{"embeddable":true,"href":"https:\/\/www.actualidadadiario.com\/index.php\/wp-json\/wp\/v2\/users\/3"}],"replies":[{"embeddable":true,"href":"https:\/\/www.actualidadadiario.com\/index.php\/wp-json\/wp\/v2\/comments?post=63151"}],"version-history":[{"count":1,"href":"https:\/\/www.actualidadadiario.com\/index.php\/wp-json\/wp\/v2\/posts\/63151\/revisions"}],"predecessor-version":[{"id":63153,"href":"https:\/\/www.actualidadadiario.com\/index.php\/wp-json\/wp\/v2\/posts\/63151\/revisions\/63153"}],"wp:featuredmedia":[{"embeddable":true,"href":"https:\/\/www.actualidadadiario.com\/index.php\/wp-json\/wp\/v2\/media\/63152"}],"wp:attachment":[{"href":"https:\/\/www.actualidadadiario.com\/index.php\/wp-json\/wp\/v2\/media?parent=63151"}],"wp:term":[{"taxonomy":"category","embeddable":true,"href":"https:\/\/www.actualidadadiario.com\/index.php\/wp-json\/wp\/v2\/categories?post=63151"},{"taxonomy":"post_tag","embeddable":true,"href":"https:\/\/www.actualidadadiario.com\/index.php\/wp-json\/wp\/v2\/tags?post=63151"}],"curies":[{"name":"wp","href":"https:\/\/api.w.org\/{rel}","templated":true}]}}