{"id":63149,"date":"2020-06-18T12:03:54","date_gmt":"2020-06-18T15:03:54","guid":{"rendered":"https:\/\/www.actualidadadiario.com\/?p=63149"},"modified":"2020-06-18T12:03:54","modified_gmt":"2020-06-18T15:03:54","slug":"primer-informe-ante-el-senado-cafiero-hara-eje-en-las-medidas-de-proteccion","status":"publish","type":"post","link":"https:\/\/www.actualidadadiario.com\/index.php\/2020\/06\/18\/primer-informe-ante-el-senado-cafiero-hara-eje-en-las-medidas-de-proteccion\/","title":{"rendered":"Primer informe ante el Senado: Cafiero har\u00e1 eje en las medidas de protecci\u00f3n"},"content":{"rendered":"<p style=\"text-align: center;\"><em><strong>Seg\u00fan las fuentes oficiales, el ministro tiene previsto dedicar gran parte de la presentaci\u00f3n a explicar el papel del Estado frente a la pandemia, a describir la situaci\u00f3n macroec\u00f3mica &#8220;inestable&#8221; que recibi\u00f3 el gobierno del Frente de Todos el 10 de diciembre y el &#8220;insostenible&#8221; nivel de endeudamiento<\/strong><\/em><\/p>\n<p>&nbsp;<\/p>\n<p>&nbsp;<\/p>\n<p>El jefe de Gabinete, Santiago Cafiero, podr\u00e1 el foco hoy, en su primer informe de gesti\u00f3n ante el Senado de la Naci\u00f3n, en las medidas de protecci\u00f3n social y econ\u00f3mica adoptadas por el Gobierno nacional en el marco de la pandemia de coronavirus, en especial para cuidar el empleo y a las familias, y en la asistencia brindada a las empresas y a los gobiernos provinciales.<\/p>\n<p>Adem\u00e1s, el ministro coordinador centrar\u00e1 su discurso de cara al &#8220;presente y al futuro&#8221;, enumerando las medidas adoptadas desde el 10 de diciembre y las tomadas a partir del aislamiento social y obligatorio establecido desde el 20 de marzo, as\u00ed como las herramientas post pandemia que planifica el gobierno para salir de la crisis, informaron fuentes oficiales a T\u00e9lam.<\/p>\n<p>Desde las 15, Cafiero dar\u00e1 su primer informe de gesti\u00f3n ante la C\u00e1mara alta, con una modalidad mixta: el funcionario y algunos colaboradores estar\u00e1n presentes en el recinto, al igual que la titular del cuerpo, la vicepresidenta Cristina Fern\u00e1ndez de Kirchner y unos pocos legisladores, mientras que el resto lo har\u00e1 en forma remota por las medidas de restricci\u00f3n dispuestas por el aislamiento obligatorio.<\/p>\n<p>Entre los legisladores presentes estar\u00e1n la presidenta provisional, Claudia Abdala de Zamora; el vicepresidente primero, Maurice Closs; y la vicepresidenta segunda, Laura Rodr\u00edguez Machado.<\/p>\n<p>El jefe de Gabinete, como es de estilo ante cada informe, respondi\u00f3 previamente 624 preguntas, la mayor\u00eda vinculadas con la pandemia y otras de actualidad, como la intervenci\u00f3n de la cerearela Vicentin y las potestades para redistribuir fondos destinados a la pandemia.<\/p>\n<p>El funcionario tiene previsto trasladarse hacia el Senado con suficiente antelaci\u00f3n, despu\u00e9s del mediod\u00eda, junto a una reducida comitiva compuesta por la vicejefa de Gabinete, Cecilia Todesca; y el secretario de Hacienda, Ra\u00fal Rigo, el dise\u00f1ador del presupuesto del Gobierno.<\/p>\n<p>Tambi\u00e9n estar\u00e1 la secretaria de Acceso a la Salud, la infect\u00f3loga Carla Vizzotti, virtual segunda del ministro de Salud, Gin\u00e9s Gonz\u00e1lez Garc\u00eda, para reforzar el mensaje de que se logr\u00f3 el objetivo de expandir el sistema sanitario y aplanar la curva de contagios del virus.<\/p>\n<p>En su exposici\u00f3n, Cafiero tiene previsto contar que, a medida que fueron avanzando las fases de la cuarentena, la producci\u00f3n se fue abriendo en el interior del pa\u00eds y esta semana alcanz\u00f3 el tope del 85%, a diferencia de la Ciudad de Buenos Aires y el conurbano bonaerense, adonde los contagios en aumento impiden abrir sobre todo las actividades industriales.<\/p>\n<p>El ministro coordinador explicitar\u00e1 los detalles del programa ATP, de ayuda en el pago del 50% de los salarios a las empresas privadas, y que ahora ser\u00e1 redireccionado a sectores &#8220;cr\u00edticos&#8221; que, por el momento, est\u00e1n imposibilitados o con severas dificultades para funcionar.<\/p>\n<p>El Ingreso Familiar de Emergencia (IFE), la ayuda a jubilados y pensionados y los subisidios a los sectores m\u00e1s vulnerables, como as\u00ed tambi\u00e9n la asistencia econ\u00f3mica a las provincias y a los municipios, ser\u00e1n otras de las cuestiones que defender\u00e1 Cafiero ante el Senado.<\/p>\n<p>Seg\u00fan las fuentes oficiales, el ministro tiene previsto describir la situaci\u00f3n macroec\u00f3mica &#8220;inestable&#8221; que recibi\u00f3 el gobierno del Frente de Todos el 10 de diciembre y el &#8220;insostenible&#8221; nivel de endeudamiento, que llev\u00f3 al Presidente a hacer una oferta a los bonistas para tratar de renegociar la deuda.<\/p>\n<p>Esta ser\u00e1 la primera vez que Cafiero se presente ante el Congreso, una obligaci\u00f3n impuesta por la Constituci\u00f3n Nacional para que los jefes de ministros asistan mensualmente, de manera alternada a cada c\u00e1mara.<\/p>\n<p>El \u00faltimo informe parlamentario presencial fue protagonizado por el funcionario que ocup\u00f3 ese lugar durante el gobierno de Mauricio Macri, Marcos Pe\u00f1a, el 10 de abril del 2019.<\/p>\n<p>La sesi\u00f3n especial se dar\u00e1 luego de los \u00faltimos dos debates en los que Juntos por el Cambio y sus aliados del peronismo disidente se retiraron en desacuerdo con la decisi\u00f3n del Frente de Todos de incluir proyectos de ley que no estaban vinculados con el coronavirus, como la Ley de Alquileres.<\/p>\n","protected":false},"excerpt":{"rendered":"<p>Seg\u00fan las fuentes oficiales, el ministro tiene previsto dedicar gran parte de la presentaci\u00f3n a explicar el papel del Estado frente a la pandemia, a describir la situaci\u00f3n macroec\u00f3mica &#8220;inestable&#8221; que recibi\u00f3 el gobierno del Frente de Todos el 10 de diciembre y el &#8220;insostenible&#8221; nivel de endeudamiento &nbsp; &nbsp; El jefe de Gabinete, Santiago Cafiero, podr\u00e1 el foco hoy, en su primer informe de gesti\u00f3n ante el Senado de la Naci\u00f3n, en las medidas de protecci\u00f3n social y econ\u00f3mica adoptadas por el Gobierno nacional en el marco de la&#8230;<\/p>\n","protected":false},"author":3,"featured_media":62290,"comment_status":"closed","ping_status":"closed","sticky":false,"template":"","format":"standard","meta":[],"categories":[9],"tags":[],"_links":{"self":[{"href":"https:\/\/www.actualidadadiario.com\/index.php\/wp-json\/wp\/v2\/posts\/63149"}],"collection":[{"href":"https:\/\/www.actualidadadiario.com\/index.php\/wp-json\/wp\/v2\/posts"}],"about":[{"href":"https:\/\/www.actualidadadiario.com\/index.php\/wp-json\/wp\/v2\/types\/post"}],"author":[{"embeddable":true,"href":"https:\/\/www.actualidadadiario.com\/index.php\/wp-json\/wp\/v2\/users\/3"}],"replies":[{"embeddable":true,"href":"https:\/\/www.actualidadadiario.com\/index.php\/wp-json\/wp\/v2\/comments?post=63149"}],"version-history":[{"count":1,"href":"https:\/\/www.actualidadadiario.com\/index.php\/wp-json\/wp\/v2\/posts\/63149\/revisions"}],"predecessor-version":[{"id":63150,"href":"https:\/\/www.actualidadadiario.com\/index.php\/wp-json\/wp\/v2\/posts\/63149\/revisions\/63150"}],"wp:featuredmedia":[{"embeddable":true,"href":"https:\/\/www.actualidadadiario.com\/index.php\/wp-json\/wp\/v2\/media\/62290"}],"wp:attachment":[{"href":"https:\/\/www.actualidadadiario.com\/index.php\/wp-json\/wp\/v2\/media?parent=63149"}],"wp:term":[{"taxonomy":"category","embeddable":true,"href":"https:\/\/www.actualidadadiario.com\/index.php\/wp-json\/wp\/v2\/categories?post=63149"},{"taxonomy":"post_tag","embeddable":true,"href":"https:\/\/www.actualidadadiario.com\/index.php\/wp-json\/wp\/v2\/tags?post=63149"}],"curies":[{"name":"wp","href":"https:\/\/api.w.org\/{rel}","templated":true}]}}