{"id":63147,"date":"2020-06-18T12:02:57","date_gmt":"2020-06-18T15:02:57","guid":{"rendered":"https:\/\/www.actualidadadiario.com\/?p=63147"},"modified":"2020-06-18T12:02:57","modified_gmt":"2020-06-18T15:02:57","slug":"definiciones-de-alberto-fernandez-sobre-cuarentena-coronavirus-y-economia","status":"publish","type":"post","link":"https:\/\/www.actualidadadiario.com\/index.php\/2020\/06\/18\/definiciones-de-alberto-fernandez-sobre-cuarentena-coronavirus-y-economia\/","title":{"rendered":"Definiciones de Alberto Fern\u00e1ndez sobre cuarentena, coronavirus y econom\u00eda"},"content":{"rendered":"<p style=\"text-align: center;\"><em><strong>El presidente brind\u00f3 una nueva entrevista en medio del aumento de la curva de contagios del coronavirus en el AMBA, la expropiaci\u00f3n de Vicentin y la negociaci\u00f3n con los bonistas<\/strong><\/em><\/p>\n<p>&nbsp;<\/p>\n<p>&nbsp;<\/p>\n<p>El presidente Alberto Fern\u00e1ndez volvi\u00f3 a brindar una nueva entrevista en medio del aumento de la curva de contagios del coronavirus y los contagios en el \u00e1mbito pol\u00edtico que empiezan a aparecer. En el plano econ\u00f3mico, el mandatario tambi\u00e9n habl\u00f3 sobre la intervenci\u00f3n y proyecto de expropiaci\u00f3n de Vicentin y la negociaci\u00f3n con los bonistas sobre la deuda externa argentina:<\/p>\n<p>&nbsp;<\/p>\n<p><strong>1) Alberto sin s\u00edntomas.<\/strong> El mandatario asegur\u00f3 que &#8220;no&#8221; tiene &#8220;un solo s\u00edntoma de coronavirus&#8221; y est\u00e1 &#8220;perfecto&#8221;, luego de que la Unidad M\u00e9dica Presidencial le recomendara permanecer en la Quinta de Olivos. &#8220;No tengo un solo s\u00edntoma de coronavirus, estoy perfecto&#8221;, expres\u00f3 Fern\u00e1ndez, ante la consulta sobre si ten\u00eda s\u00edntomas de Covid-19. Respecto al comunicado emitido por el m\u00e9dico presidencial Federico Saavedra, el jefe de Estado manifest\u00f3: &#8220;El comunicado tiene que ver con otra cosa. Federico Saavedra ve un incremento notable de casos en AMBA y pide que no me mueva para acotar los riesgos. Es s\u00f3lo por el aumento de casos&#8221;.<\/p>\n<p>&nbsp;<\/p>\n<p><strong>2) Transporte p\u00fablico, solo para esenciales.<\/strong> El presidente Alberto Fern\u00e1ndez afirm\u00f3 que &#8220;a partir de la cero hora&#8221; del pr\u00f3ximo viernes el transporte p\u00fablico en el AMBA &#8220;solamente&#8221; para &#8220;trabajadores esenciales&#8221;, ante el &#8220;incremento de casos&#8221; de coronavirus. &#8220;Hemos tomado una decisi\u00f3n de que a partir de la cero hora de ma\u00f1ana, solamente puedan utilizar el transporte p\u00fablico aquellos trabajadores esenciales&#8221;, enfatiz\u00f3 Fern\u00e1ndez en declaraciones a Telef\u00e9, tras reunirse en la Quinta de Olivos con el gobernador bonaerense, Axel Kicillof, y el vicejefe de Gobierno porte\u00f1o, Diego Santilli.<\/p>\n<p>&nbsp;<\/p>\n<p><strong>3) Caducan los permisos.<\/strong> El mandatario anunci\u00f3 que desde ma\u00f1ana &#8220;van a caducar&#8221; los permisos en el transporte p\u00fablico para los trabajadores no esenciales. &#8220;Van a caducar a partir de la cero hora de ma\u00f1ana todos los permisos que se han extendido en la aplicaci\u00f3n que nosotros tenemos, por lo tanto todo deber\u00e1 volver a diligenciarse. Estamos incentivando a todos a entender que la circulaci\u00f3n potencia el riesgo y el contagio. La mayor preocupaci\u00f3n viene porque hay un mayor nivel de ocupaci\u00f3n de camas&#8221;, explic\u00f3.<\/p>\n<p>&nbsp;<\/p>\n<p><strong>4) Deuda.<\/strong> Fern\u00e1ndez asegur\u00f3 que la Argentina est\u00e1 &#8220;haciendo un enorme esfuerzo&#8221; para poder acordar con los bonistas, pero advirti\u00f3 que &#8220;algunos acreedores tomaron una actitud de dureza que no se entiende&#8221;. &#8220;Haremos todo lo que tengamos que hacer, en la medida que eso no signifique un mayor esfuerzo para los argentinos&#8221;, consider\u00f3 el mandatario. Fern\u00e1ndez asegur\u00f3 que &#8220;esta Argentina que cada tantos a\u00f1os cae en default no me gusta, las dos veces que estuve en el Gobierno recib\u00ed un pa\u00eds defaulteado&#8221;. &#8220;No nos equivoquemos, el reperfilamiento del a\u00f1o pasasdo fue un default&#8221;, consider\u00f3.<\/p>\n<p>&nbsp;<\/p>\n<p><strong>5) Diferencias con los bonistas.<\/strong> Alberto Fern\u00e1ndez asegur\u00f3 esta noche que todav\u00eda hay &#8220;diferencias&#8221; con los acreedores, pero afirm\u00f3 que llegar a un acuerdo &#8220;no depende&#8221; s\u00f3lo de la Argentina. &#8220;Tenemos diferencias&#8221;, reconoci\u00f3 el primer mandatario, quien consider\u00f3 que &#8220;siempre es mejor acordar&#8221;. &#8220;Es mejor pagar la deuda que no pagarlas, claramente. Hoy a la Argentina nadie le presta plata&#8221;, indic\u00f3. De todas maneras, evalu\u00f3: &#8220;No depende s\u00f3lo de nosotros&#8221;, al tiempo que afirm\u00f3 que contin\u00faan las negociaciones. &#8220;Hemos hecho nuestro mejor esfuerzo&#8221;, puntualiz\u00f3 y remarc\u00f3 que la Argentina hizo &#8220;una segunda oferta, que no termina de ser aceptada plenamente por los fondos&#8221;. Adem\u00e1s, apunt\u00f3: &#8220;No entiendo muy bien el apuro para ver cu\u00e1ndo salimos del default o nos ponemos de acuerdo con los acreedores&#8221;.<\/p>\n<p>&nbsp;<\/p>\n<p><strong>6) Vicentin.<\/strong> El presidente afirm\u00f3 que est\u00e1 &#8220;absolutamente abierto a escuchar cualquier propuesta&#8221; para no tener que expropiar la empresa Vicentin, pero &#8220;nadie hasta ac\u00e1&#8221; le &#8220;trajo ese plan&#8221;. &#8220;Estoy absolutamente abierto a escuchar cualquier propuesta, pero la propuesta tiene que ser el objetivo \u00faltimo que nosotros nos propusimos, que es recuperar la empresa. Si hay un plan alternativo que logre el mismo objetivo, yo no soy un necio. Con todo gusto lo escuchar\u00e9, pero nadie hasta ac\u00e1 me trajo ese plan&#8221;, manifest\u00f3.<\/p>\n<p>&nbsp;<\/p>\n<p><strong>7) Cuarentena relajada.<\/strong> En cuanto a la situaci\u00f3n de que el aislamiento se respeta cada vez menos, se\u00f1al\u00f3: &#8220;Siento que en la Ciudad de Buenos Aires y en muchos lugares del Gran Buenos Aires la gente se relaj\u00f3 porque pens\u00f3 que el problema hab\u00eda pasado. Debemos controlar mejor las salidas\u201d<\/p>\n<p>&nbsp;<\/p>\n<p><strong>8) Salud.<\/strong> &#8220;Yo podr\u00eda hacerme el distra\u00eddo, pero tengo un compromiso \u00e9tico con cada habitante: no abandonarlos y cuidar la salud. S\u00e9 que estamos viviendo un momento traum\u00e1tico, pero si no hacemos algo la vida de muchos argentinos corre riesgo&#8221;, manifest\u00f3.<\/p>\n<p>&nbsp;<\/p>\n<p><strong>9) Econom\u00eda.<\/strong> En cuanto al plan para despu\u00e9s de la pandemia, esgrimi\u00f3: &#8220;El plan para el d\u00eda despu\u00e9s es un plan de fuerte reactivaci\u00f3n de la econom\u00eda para que la gente que ha sufrido esta p\u00e9rdida pueda recuperar su trabajo y sus negocios. Mientras tanto lo que m\u00e1s hicimos fue preservar el empleo&#8221;.<\/p>\n<p>&nbsp;<\/p>\n<p><strong>10) Flexibilizaciones.<\/strong> Finalmente, tambi\u00e9n habl\u00f3 de las industrias que est\u00e1n flexibilizadas, principalmente en el interior del pa\u00eds: &#8220;las industrias han empezado a funcionar con protocolo y hemos logrado exportar lo que nos hab\u00edamos comprometido. La actividad econ\u00f3mica en el interior se mueve mucho. Pero hay que buscarles una soluci\u00f3n a los comercios&#8221;.<\/p>\n","protected":false},"excerpt":{"rendered":"<p>El presidente brind\u00f3 una nueva entrevista en medio del aumento de la curva de contagios del coronavirus en el AMBA, la expropiaci\u00f3n de Vicentin y la negociaci\u00f3n con los bonistas &nbsp; &nbsp; El presidente Alberto Fern\u00e1ndez volvi\u00f3 a brindar una nueva entrevista en medio del aumento de la curva de contagios del coronavirus y los contagios en el \u00e1mbito pol\u00edtico que empiezan a aparecer. En el plano econ\u00f3mico, el mandatario tambi\u00e9n habl\u00f3 sobre la intervenci\u00f3n y proyecto de expropiaci\u00f3n de Vicentin y la negociaci\u00f3n con los bonistas sobre la deuda&#8230;<\/p>\n","protected":false},"author":3,"featured_media":60450,"comment_status":"closed","ping_status":"closed","sticky":false,"template":"","format":"standard","meta":[],"categories":[9],"tags":[],"_links":{"self":[{"href":"https:\/\/www.actualidadadiario.com\/index.php\/wp-json\/wp\/v2\/posts\/63147"}],"collection":[{"href":"https:\/\/www.actualidadadiario.com\/index.php\/wp-json\/wp\/v2\/posts"}],"about":[{"href":"https:\/\/www.actualidadadiario.com\/index.php\/wp-json\/wp\/v2\/types\/post"}],"author":[{"embeddable":true,"href":"https:\/\/www.actualidadadiario.com\/index.php\/wp-json\/wp\/v2\/users\/3"}],"replies":[{"embeddable":true,"href":"https:\/\/www.actualidadadiario.com\/index.php\/wp-json\/wp\/v2\/comments?post=63147"}],"version-history":[{"count":1,"href":"https:\/\/www.actualidadadiario.com\/index.php\/wp-json\/wp\/v2\/posts\/63147\/revisions"}],"predecessor-version":[{"id":63148,"href":"https:\/\/www.actualidadadiario.com\/index.php\/wp-json\/wp\/v2\/posts\/63147\/revisions\/63148"}],"wp:featuredmedia":[{"embeddable":true,"href":"https:\/\/www.actualidadadiario.com\/index.php\/wp-json\/wp\/v2\/media\/60450"}],"wp:attachment":[{"href":"https:\/\/www.actualidadadiario.com\/index.php\/wp-json\/wp\/v2\/media?parent=63147"}],"wp:term":[{"taxonomy":"category","embeddable":true,"href":"https:\/\/www.actualidadadiario.com\/index.php\/wp-json\/wp\/v2\/categories?post=63147"},{"taxonomy":"post_tag","embeddable":true,"href":"https:\/\/www.actualidadadiario.com\/index.php\/wp-json\/wp\/v2\/tags?post=63147"}],"curies":[{"name":"wp","href":"https:\/\/api.w.org\/{rel}","templated":true}]}}